{"id":1276,"date":"2019-10-02T12:48:18","date_gmt":"2019-10-02T10:48:18","guid":{"rendered":"http:\/\/vatelier.fr\/?p=1276"},"modified":"2019-10-02T12:48:18","modified_gmt":"2019-10-02T10:48:18","slug":"materiaufete-completement-marteau-26-oct-15h-02h","status":"publish","type":"post","link":"https:\/\/vatelier.fr\/index.php\/2019\/10\/02\/materiaufete-completement-marteau-26-oct-15h-02h\/","title":{"rendered":"MATERIAUFETE \u00ab\u00a0compl\u00e8tement marteau\u00a0\u00bb : 26 Oct \/ 15h-02h"},"content":{"rendered":"<p><img loading=\"lazy\" decoding=\"async\" class=\"aligncenter size-full wp-image-1277\" src=\"http:\/\/vatelier.fr\/wp-content\/uploads\/2019\/10\/affiche-mat\u00e9riauf\u00eate2petit.jpg\" alt=\"\" width=\"900\" height=\"1273\" srcset=\"https:\/\/vatelier.fr\/wp-content\/uploads\/2019\/10\/affiche-mat\u00e9riauf\u00eate2petit.jpg 900w, https:\/\/vatelier.fr\/wp-content\/uploads\/2019\/10\/affiche-mat\u00e9riauf\u00eate2petit-212x300.jpg 212w, https:\/\/vatelier.fr\/wp-content\/uploads\/2019\/10\/affiche-mat\u00e9riauf\u00eate2petit-768x1086.jpg 768w, https:\/\/vatelier.fr\/wp-content\/uploads\/2019\/10\/affiche-mat\u00e9riauf\u00eate2petit-724x1024.jpg 724w, https:\/\/vatelier.fr\/wp-content\/uploads\/2019\/10\/affiche-mat\u00e9riauf\u00eate2petit-543x768.jpg 543w, https:\/\/vatelier.fr\/wp-content\/uploads\/2019\/10\/affiche-mat\u00e9riauf\u00eate2petit-750x1061.jpg 750w, https:\/\/vatelier.fr\/wp-content\/uploads\/2019\/10\/affiche-mat\u00e9riauf\u00eate2petit-400x566.jpg 400w, https:\/\/vatelier.fr\/wp-content\/uploads\/2019\/10\/affiche-mat\u00e9riauf\u00eate2petit-430x608.jpg 430w, https:\/\/vatelier.fr\/wp-content\/uploads\/2019\/10\/affiche-mat\u00e9riauf\u00eate2petit-150x212.jpg 150w, https:\/\/vatelier.fr\/wp-content\/uploads\/2019\/10\/affiche-mat\u00e9riauf\u00eate2petit-100x141.jpg 100w\" sizes=\"auto, (max-width: 900px) 100vw, 900px\" \/><\/p>\n<p style=\"text-align: center;\">\n<p style=\"text-align: center;\"><span class=\"JtukPc\"><strong>La Mat\u00e9riaufete 2 , la f\u00eate de soutien qui va vous rendre compl\u00e8tement marteau !<\/strong><\/p>\n<p><strong>Ca se passe \u00e0 la mat\u00e9riauth\u00e8que : quartier la Charlotte, Montmeyran. Sous un grand chapiteau !<\/strong><\/p>\n<p><strong>Au programme :<\/strong><\/p>\n<p><strong>15h: Ouverture du site :<\/strong> <\/span><\/p>\n<p style=\"text-align: center;\"><span class=\"JtukPc\">Jeux (pour les petits et les grands), Maquillage, Ateliers Bois (grande graine), <strong>S\u00e9riegraphie<\/strong>, Stands infos : Fans de r\u00e9cup&rsquo;, Tiny Land etc&#8230;<\/p>\n<p><strong>Les spectacles (tout public) :<\/strong><br \/>\n18h : Seule en roue (clown accrobate)<br \/>\n19h: Des accords de mat (Mat chinois en musique)<br \/>\n20h : Jonglages avec du Feux<\/p>\n<p><strong>Concerts :<\/strong><br \/>\n21h: GINO ( Rock guinguette)<br \/>\n22h15 : Cake Aux Phones (rock festif)<br \/>\n00h: Boom avec DJ<\/p>\n<p>Sur place : Crepes, repas v\u00e9g\u00e9tarien, Bar, TOUT A PRIX LIBRE !<\/p>\n<p>Organisation covoiturage : <a href=\"https:\/\/www.google.com\/url?q=https:\/\/lite.framacalc.org\/covoiturage-materiaufete-2&amp;sa=D&amp;ust=1570445006515000&amp;usg=AOvVaw0Om11BW6hHaO_T6M2ByBLQ\" target=\"_blank\" rel=\"noopener\">https:\/\/lite.framacalc.org\/covoiturage-materiaufete-2<\/a><\/p>\n<p>Infos : <a href=\"mailto:marc@tripalium.org\" target=\"_blank\" rel=\"noopener\">marc@tripalium.org<\/a><\/p>\n<p><strong>Descriptions d\u00e9taill\u00e9es des spectacles :<\/strong><\/p>\n<p><strong>SEULE EN ROUE :<\/strong> <\/span><\/p>\n<p style=\"text-align: center;\"><span class=\"JtukPc\">\u00catre femme aujourd\u2019hui, vu par une clowne extravagante qui cherche \u00e0 avancer en contorsionnant son image. Voir : <a href=\"https:\/\/www.google.com\/url?q=https:\/\/www.youtube.com\/watch?v%3DOnSe4JK0ZOs%26feature%3Dyoutu.be&amp;sa=D&amp;ust=1570445006515000&amp;usg=AOvVaw2HVCqwWPbpFC4Q7EZi0WtM\" target=\"_blank\" rel=\"noopener\">https:\/\/www.youtube.com\/watch?v=OnSe4JK0ZOs&amp;feature=youtu.be<\/a><\/p>\n<p><strong>DES ACCORDS DE MAT :<\/strong> <\/span><\/p>\n<p style=\"text-align: center;\"><span class=\"JtukPc\">Deux hommes montent sur sc\u00e8ne, l\u2019un est plong\u00e9 dans sa musique, l\u2019autre ne s\u2019exprime que sur son m\u00e2t. Il se cherchent, se jaugent et s\u2019apprivoisent. Un pas de danse, un encouragement, un sourire, et la complicit\u00e9 na\u00eet. Entre le jeu malicieux et la contemplation, la relation prend son temps. Puis tout s\u2019acc\u00e9l\u00e8re, s\u2019emballe, les tensions apparaissent et c\u2019est l\u2019explosion. Voir : <a href=\"https:\/\/www.google.com\/url?q=http:\/\/www.ciedescieuxgalvanises.fr\/des-accords-de-mat\/&amp;sa=D&amp;ust=1570445006515000&amp;usg=AOvVaw2SErIqvh3VEKZIbR27WUSq\" target=\"_blank\" rel=\"noopener\">http:\/\/www.ciedescieuxgalvanises.fr\/des-accords-de-mat\/<\/a><\/p>\n<p><strong>GINO :\u00a0<\/strong><\/span><\/p>\n<p style=\"text-align: center;\"><span class=\"JtukPc\"> Leurs chansons se partagent, se dansent, swinguent de valses en rock. Les textes s\u2019inspirent de la vie, et la fantaisie s\u2019invite sur sc\u00e8ne.Et le mieux\u2026 C\u2019est que tu viennes voir ! \u00bb<br \/>\nLes Gino, c\u2019est un groupe qui a l\u2019exp\u00e9rience de la sc\u00e8ne, qui propose des concerts vivants, o\u00f9 l\u2019\u00e9nergie musicale, humaine et festive est bien pr\u00e9sente pour amener le public \u00e0 danser et \u00e0 c\u00e9l\u00e9brer la vie. Accord\u00e9on chavir\u00e9, guitare ind\u00e9e, batterie et contrebasse endiabl\u00e9es. Les voix jouent avec le public et se jouent des mots\u2026 \u00c9couter : <a href=\"https:\/\/www.google.com\/url?q=https:\/\/soundcloud.com\/user-721067528&amp;sa=D&amp;ust=1570445006515000&amp;usg=AOvVaw0vZAKQ3XiuRIuLXhcFRXtn\" target=\"_blank\" rel=\"noopener\">https:\/\/soundcloud.com\/user-721067528<\/a><\/p>\n<p><strong>CAKE AUX PHONES ET FAMILY:<\/strong> <\/span><\/p>\n<p style=\"text-align: center;\"><span class=\"JtukPc\">C&rsquo;est un souvenir de la Patchanka, festif, engag\u00e9, d\u00e9connant, on n&rsquo;est pas l\u00e0 pour enfiler des costards, mais pour envoyer une \u00e9nergie viral qui fait du bien! N&rsquo;attends pas le dernier morceau pour tomber la chemise! voir :<a href=\"https:\/\/www.google.com\/url?q=https:\/\/www.youtube.com\/watch?v%3DiJwYRH1JBKs&amp;sa=D&amp;ust=1570445006515000&amp;usg=AOvVaw3rkKDDhQD33_VuypZGrhru\" target=\"_blank\" rel=\"noopener\">https:\/\/www.youtube.com\/watch?v=iJwYRH1JBKs<\/a><\/span><\/p>\n","protected":false},"excerpt":{"rendered":"<p>La Mat\u00e9riaufete 2 , la f\u00eate de soutien qui va vous rendre compl\u00e8tement marteau ! Ca se passe \u00e0 la mat\u00e9riauth\u00e8que : quartier la Charlotte, Montmeyran. Sous un grand chapiteau [&hellip;]<\/p>\n","protected":false},"author":1,"featured_media":0,"comment_status":"open","ping_status":"open","sticky":false,"template":"","format":"standard","meta":{"footnotes":""},"categories":[14],"tags":[],"class_list":["post-1276","post","type-post","status-publish","format-standard","hentry","category-actus-et-arrivages"],"yoast_head":"<!-- This site is optimized with the Yoast SEO plugin v27.5 - https:\/\/yoast.com\/product\/yoast-seo-wordpress\/ -->\n<title>MATERIAUFETE &quot;compl\u00e8tement marteau&quot; : 26 Oct \/ 15h-02h - Valence Atelier Libre<\/title>\n<meta name=\"robots\" content=\"index, follow, max-snippet:-1, max-image-preview:large, max-video-preview:-1\" \/>\n<link rel=\"canonical\" href=\"https:\/\/vatelier.fr\/index.php\/2019\/10\/02\/materiaufete-completement-marteau-26-oct-15h-02h\/\" \/>\n<meta property=\"og:locale\" content=\"fr_FR\" \/>\n<meta property=\"og:type\" content=\"article\" \/>\n<meta property=\"og:title\" content=\"MATERIAUFETE &quot;compl\u00e8tement marteau&quot; : 26 Oct \/ 15h-02h - Valence Atelier Libre\" \/>\n<meta property=\"og:description\" content=\"La Mat\u00e9riaufete 2 , la f\u00eate de soutien qui va vous rendre compl\u00e8tement marteau ! Ca se passe \u00e0 la mat\u00e9riauth\u00e8que : quartier la Charlotte, Montmeyran. Sous un grand chapiteau [&hellip;]\" \/>\n<meta property=\"og:url\" content=\"https:\/\/vatelier.fr\/index.php\/2019\/10\/02\/materiaufete-completement-marteau-26-oct-15h-02h\/\" \/>\n<meta property=\"og:site_name\" content=\"Valence Atelier Libre\" \/>\n<meta property=\"article:published_time\" content=\"2019-10-02T10:48:18+00:00\" \/>\n<meta name=\"author\" content=\"vatelieradmin\" \/>\n<meta name=\"twitter:card\" content=\"summary_large_image\" \/>\n<meta name=\"twitter:label1\" content=\"\u00c9crit par\" \/>\n\t<meta name=\"twitter:data1\" content=\"vatelieradmin\" \/>\n\t<meta name=\"twitter:label2\" content=\"Dur\u00e9e de lecture estim\u00e9e\" \/>\n\t<meta name=\"twitter:data2\" content=\"2 minutes\" \/>\n<script type=\"application\/ld+json\" class=\"yoast-schema-graph\">{\"@context\":\"https:\\\/\\\/schema.org\",\"@graph\":[{\"@type\":\"Article\",\"@id\":\"https:\\\/\\\/vatelier.fr\\\/index.php\\\/2019\\\/10\\\/02\\\/materiaufete-completement-marteau-26-oct-15h-02h\\\/#article\",\"isPartOf\":{\"@id\":\"https:\\\/\\\/vatelier.fr\\\/index.php\\\/2019\\\/10\\\/02\\\/materiaufete-completement-marteau-26-oct-15h-02h\\\/\"},\"author\":{\"name\":\"vatelieradmin\",\"@id\":\"https:\\\/\\\/vatelier.fr\\\/#\\\/schema\\\/person\\\/2af92da0d368454dd50e41745ef10ec5\"},\"headline\":\"MATERIAUFETE \u00ab\u00a0compl\u00e8tement marteau\u00a0\u00bb : 26 Oct \\\/ 15h-02h\",\"datePublished\":\"2019-10-02T10:48:18+00:00\",\"mainEntityOfPage\":{\"@id\":\"https:\\\/\\\/vatelier.fr\\\/index.php\\\/2019\\\/10\\\/02\\\/materiaufete-completement-marteau-26-oct-15h-02h\\\/\"},\"wordCount\":408,\"commentCount\":0,\"publisher\":{\"@id\":\"https:\\\/\\\/vatelier.fr\\\/#organization\"},\"articleSection\":[\"Actus et Arrivages\"],\"inLanguage\":\"fr-FR\",\"potentialAction\":[{\"@type\":\"CommentAction\",\"name\":\"Comment\",\"target\":[\"https:\\\/\\\/vatelier.fr\\\/index.php\\\/2019\\\/10\\\/02\\\/materiaufete-completement-marteau-26-oct-15h-02h\\\/#respond\"]}]},{\"@type\":\"WebPage\",\"@id\":\"https:\\\/\\\/vatelier.fr\\\/index.php\\\/2019\\\/10\\\/02\\\/materiaufete-completement-marteau-26-oct-15h-02h\\\/\",\"url\":\"https:\\\/\\\/vatelier.fr\\\/index.php\\\/2019\\\/10\\\/02\\\/materiaufete-completement-marteau-26-oct-15h-02h\\\/\",\"name\":\"MATERIAUFETE \\\"compl\u00e8tement marteau\\\" : 26 Oct \\\/ 15h-02h - Valence Atelier Libre\",\"isPartOf\":{\"@id\":\"https:\\\/\\\/vatelier.fr\\\/#website\"},\"datePublished\":\"2019-10-02T10:48:18+00:00\",\"breadcrumb\":{\"@id\":\"https:\\\/\\\/vatelier.fr\\\/index.php\\\/2019\\\/10\\\/02\\\/materiaufete-completement-marteau-26-oct-15h-02h\\\/#breadcrumb\"},\"inLanguage\":\"fr-FR\",\"potentialAction\":[{\"@type\":\"ReadAction\",\"target\":[\"https:\\\/\\\/vatelier.fr\\\/index.php\\\/2019\\\/10\\\/02\\\/materiaufete-completement-marteau-26-oct-15h-02h\\\/\"]}]},{\"@type\":\"BreadcrumbList\",\"@id\":\"https:\\\/\\\/vatelier.fr\\\/index.php\\\/2019\\\/10\\\/02\\\/materiaufete-completement-marteau-26-oct-15h-02h\\\/#breadcrumb\",\"itemListElement\":[{\"@type\":\"ListItem\",\"position\":1,\"name\":\"Accueil\",\"item\":\"https:\\\/\\\/vatelier.fr\\\/\"},{\"@type\":\"ListItem\",\"position\":2,\"name\":\"MATERIAUFETE \u00ab\u00a0compl\u00e8tement marteau\u00a0\u00bb : 26 Oct \\\/ 15h-02h\"}]},{\"@type\":\"WebSite\",\"@id\":\"https:\\\/\\\/vatelier.fr\\\/#website\",\"url\":\"https:\\\/\\\/vatelier.fr\\\/\",\"name\":\"Valence Atelier Libre\",\"description\":\"Association de partage de savoir-faire\",\"publisher\":{\"@id\":\"https:\\\/\\\/vatelier.fr\\\/#organization\"},\"potentialAction\":[{\"@type\":\"SearchAction\",\"target\":{\"@type\":\"EntryPoint\",\"urlTemplate\":\"https:\\\/\\\/vatelier.fr\\\/?s={search_term_string}\"},\"query-input\":{\"@type\":\"PropertyValueSpecification\",\"valueRequired\":true,\"valueName\":\"search_term_string\"}}],\"inLanguage\":\"fr-FR\"},{\"@type\":\"Organization\",\"@id\":\"https:\\\/\\\/vatelier.fr\\\/#organization\",\"name\":\"Valence Atelier Libre\",\"url\":\"https:\\\/\\\/vatelier.fr\\\/\",\"logo\":{\"@type\":\"ImageObject\",\"inLanguage\":\"fr-FR\",\"@id\":\"https:\\\/\\\/vatelier.fr\\\/#\\\/schema\\\/logo\\\/image\\\/\",\"url\":\"http:\\\/\\\/vatelier.fr\\\/wp-content\\\/uploads\\\/2016\\\/02\\\/logo-jeanne.png\",\"contentUrl\":\"http:\\\/\\\/vatelier.fr\\\/wp-content\\\/uploads\\\/2016\\\/02\\\/logo-jeanne.png\",\"width\":906,\"height\":843,\"caption\":\"Valence Atelier Libre\"},\"image\":{\"@id\":\"https:\\\/\\\/vatelier.fr\\\/#\\\/schema\\\/logo\\\/image\\\/\"}},{\"@type\":\"Person\",\"@id\":\"https:\\\/\\\/vatelier.fr\\\/#\\\/schema\\\/person\\\/2af92da0d368454dd50e41745ef10ec5\",\"name\":\"vatelieradmin\",\"image\":{\"@type\":\"ImageObject\",\"inLanguage\":\"fr-FR\",\"@id\":\"https:\\\/\\\/secure.gravatar.com\\\/avatar\\\/5397e01a6ff535a0fb455d8a868a555e463328ddc2276d22e6c9574f56706782?s=96&d=mm&r=g\",\"url\":\"https:\\\/\\\/secure.gravatar.com\\\/avatar\\\/5397e01a6ff535a0fb455d8a868a555e463328ddc2276d22e6c9574f56706782?s=96&d=mm&r=g\",\"contentUrl\":\"https:\\\/\\\/secure.gravatar.com\\\/avatar\\\/5397e01a6ff535a0fb455d8a868a555e463328ddc2276d22e6c9574f56706782?s=96&d=mm&r=g\",\"caption\":\"vatelieradmin\"},\"url\":\"https:\\\/\\\/vatelier.fr\\\/index.php\\\/author\\\/vatelieradmin\\\/\"}]}<\/script>\n<!-- \/ Yoast SEO plugin. -->","yoast_head_json":{"title":"MATERIAUFETE \"compl\u00e8tement marteau\" : 26 Oct \/ 15h-02h - Valence Atelier Libre","robots":{"index":"index","follow":"follow","max-snippet":"max-snippet:-1","max-image-preview":"max-image-preview:large","max-video-preview":"max-video-preview:-1"},"canonical":"https:\/\/vatelier.fr\/index.php\/2019\/10\/02\/materiaufete-completement-marteau-26-oct-15h-02h\/","og_locale":"fr_FR","og_type":"article","og_title":"MATERIAUFETE \"compl\u00e8tement marteau\" : 26 Oct \/ 15h-02h - Valence Atelier Libre","og_description":"La Mat\u00e9riaufete 2 , la f\u00eate de soutien qui va vous rendre compl\u00e8tement marteau ! Ca se passe \u00e0 la mat\u00e9riauth\u00e8que : quartier la Charlotte, Montmeyran. Sous un grand chapiteau [&hellip;]","og_url":"https:\/\/vatelier.fr\/index.php\/2019\/10\/02\/materiaufete-completement-marteau-26-oct-15h-02h\/","og_site_name":"Valence Atelier Libre","article_published_time":"2019-10-02T10:48:18+00:00","author":"vatelieradmin","twitter_card":"summary_large_image","twitter_misc":{"\u00c9crit par":"vatelieradmin","Dur\u00e9e de lecture estim\u00e9e":"2 minutes"},"schema":{"@context":"https:\/\/schema.org","@graph":[{"@type":"Article","@id":"https:\/\/vatelier.fr\/index.php\/2019\/10\/02\/materiaufete-completement-marteau-26-oct-15h-02h\/#article","isPartOf":{"@id":"https:\/\/vatelier.fr\/index.php\/2019\/10\/02\/materiaufete-completement-marteau-26-oct-15h-02h\/"},"author":{"name":"vatelieradmin","@id":"https:\/\/vatelier.fr\/#\/schema\/person\/2af92da0d368454dd50e41745ef10ec5"},"headline":"MATERIAUFETE \u00ab\u00a0compl\u00e8tement marteau\u00a0\u00bb : 26 Oct \/ 15h-02h","datePublished":"2019-10-02T10:48:18+00:00","mainEntityOfPage":{"@id":"https:\/\/vatelier.fr\/index.php\/2019\/10\/02\/materiaufete-completement-marteau-26-oct-15h-02h\/"},"wordCount":408,"commentCount":0,"publisher":{"@id":"https:\/\/vatelier.fr\/#organization"},"articleSection":["Actus et Arrivages"],"inLanguage":"fr-FR","potentialAction":[{"@type":"CommentAction","name":"Comment","target":["https:\/\/vatelier.fr\/index.php\/2019\/10\/02\/materiaufete-completement-marteau-26-oct-15h-02h\/#respond"]}]},{"@type":"WebPage","@id":"https:\/\/vatelier.fr\/index.php\/2019\/10\/02\/materiaufete-completement-marteau-26-oct-15h-02h\/","url":"https:\/\/vatelier.fr\/index.php\/2019\/10\/02\/materiaufete-completement-marteau-26-oct-15h-02h\/","name":"MATERIAUFETE \"compl\u00e8tement marteau\" : 26 Oct \/ 15h-02h - Valence Atelier Libre","isPartOf":{"@id":"https:\/\/vatelier.fr\/#website"},"datePublished":"2019-10-02T10:48:18+00:00","breadcrumb":{"@id":"https:\/\/vatelier.fr\/index.php\/2019\/10\/02\/materiaufete-completement-marteau-26-oct-15h-02h\/#breadcrumb"},"inLanguage":"fr-FR","potentialAction":[{"@type":"ReadAction","target":["https:\/\/vatelier.fr\/index.php\/2019\/10\/02\/materiaufete-completement-marteau-26-oct-15h-02h\/"]}]},{"@type":"BreadcrumbList","@id":"https:\/\/vatelier.fr\/index.php\/2019\/10\/02\/materiaufete-completement-marteau-26-oct-15h-02h\/#breadcrumb","itemListElement":[{"@type":"ListItem","position":1,"name":"Accueil","item":"https:\/\/vatelier.fr\/"},{"@type":"ListItem","position":2,"name":"MATERIAUFETE \u00ab\u00a0compl\u00e8tement marteau\u00a0\u00bb : 26 Oct \/ 15h-02h"}]},{"@type":"WebSite","@id":"https:\/\/vatelier.fr\/#website","url":"https:\/\/vatelier.fr\/","name":"Valence Atelier Libre","description":"Association de partage de savoir-faire","publisher":{"@id":"https:\/\/vatelier.fr\/#organization"},"potentialAction":[{"@type":"SearchAction","target":{"@type":"EntryPoint","urlTemplate":"https:\/\/vatelier.fr\/?s={search_term_string}"},"query-input":{"@type":"PropertyValueSpecification","valueRequired":true,"valueName":"search_term_string"}}],"inLanguage":"fr-FR"},{"@type":"Organization","@id":"https:\/\/vatelier.fr\/#organization","name":"Valence Atelier Libre","url":"https:\/\/vatelier.fr\/","logo":{"@type":"ImageObject","inLanguage":"fr-FR","@id":"https:\/\/vatelier.fr\/#\/schema\/logo\/image\/","url":"http:\/\/vatelier.fr\/wp-content\/uploads\/2016\/02\/logo-jeanne.png","contentUrl":"http:\/\/vatelier.fr\/wp-content\/uploads\/2016\/02\/logo-jeanne.png","width":906,"height":843,"caption":"Valence Atelier Libre"},"image":{"@id":"https:\/\/vatelier.fr\/#\/schema\/logo\/image\/"}},{"@type":"Person","@id":"https:\/\/vatelier.fr\/#\/schema\/person\/2af92da0d368454dd50e41745ef10ec5","name":"vatelieradmin","image":{"@type":"ImageObject","inLanguage":"fr-FR","@id":"https:\/\/secure.gravatar.com\/avatar\/5397e01a6ff535a0fb455d8a868a555e463328ddc2276d22e6c9574f56706782?s=96&d=mm&r=g","url":"https:\/\/secure.gravatar.com\/avatar\/5397e01a6ff535a0fb455d8a868a555e463328ddc2276d22e6c9574f56706782?s=96&d=mm&r=g","contentUrl":"https:\/\/secure.gravatar.com\/avatar\/5397e01a6ff535a0fb455d8a868a555e463328ddc2276d22e6c9574f56706782?s=96&d=mm&r=g","caption":"vatelieradmin"},"url":"https:\/\/vatelier.fr\/index.php\/author\/vatelieradmin\/"}]}},"_links":{"self":[{"href":"https:\/\/vatelier.fr\/index.php\/wp-json\/wp\/v2\/posts\/1276","targetHints":{"allow":["GET"]}}],"collection":[{"href":"https:\/\/vatelier.fr\/index.php\/wp-json\/wp\/v2\/posts"}],"about":[{"href":"https:\/\/vatelier.fr\/index.php\/wp-json\/wp\/v2\/types\/post"}],"author":[{"embeddable":true,"href":"https:\/\/vatelier.fr\/index.php\/wp-json\/wp\/v2\/users\/1"}],"replies":[{"embeddable":true,"href":"https:\/\/vatelier.fr\/index.php\/wp-json\/wp\/v2\/comments?post=1276"}],"version-history":[{"count":1,"href":"https:\/\/vatelier.fr\/index.php\/wp-json\/wp\/v2\/posts\/1276\/revisions"}],"predecessor-version":[{"id":1278,"href":"https:\/\/vatelier.fr\/index.php\/wp-json\/wp\/v2\/posts\/1276\/revisions\/1278"}],"wp:attachment":[{"href":"https:\/\/vatelier.fr\/index.php\/wp-json\/wp\/v2\/media?parent=1276"}],"wp:term":[{"taxonomy":"category","embeddable":true,"href":"https:\/\/vatelier.fr\/index.php\/wp-json\/wp\/v2\/categories?post=1276"},{"taxonomy":"post_tag","embeddable":true,"href":"https:\/\/vatelier.fr\/index.php\/wp-json\/wp\/v2\/tags?post=1276"}],"curies":[{"name":"wp","href":"https:\/\/api.w.org\/{rel}","templated":true}]}}