{"id":1338,"date":"2020-02-04T17:37:20","date_gmt":"2020-02-04T15:37:20","guid":{"rendered":"http:\/\/vatelier.fr\/?p=1338"},"modified":"2020-02-04T17:37:21","modified_gmt":"2020-02-04T15:37:21","slug":"tout-sur-nos-portes-et-fenetres-certaines-sont-neuves","status":"publish","type":"post","link":"https:\/\/vatelier.fr\/index.php\/2020\/02\/04\/tout-sur-nos-portes-et-fenetres-certaines-sont-neuves\/","title":{"rendered":"Tout sur nos Portes et Fen\u00eatres (certaines sont neuves !!!)"},"content":{"rendered":"\n<div dir=\"ltr\">\n<div>\n<div>Portes vitr\u00e9es :<\/div>\n<div>. H210x 87<\/div>\n<div>. H204x 78<\/div>\n<div>. H204x 83<\/div>\n<div>. 2 mod\u00e8les H223x 75<\/div>\n<div><img loading=\"lazy\" decoding=\"async\" class=\"aligncenter size-full wp-image-1343\" src=\"http:\/\/vatelier.fr\/wp-content\/uploads\/2020\/02\/porte-vitr\u00e9-scaled.jpg\" alt=\"\" width=\"2560\" height=\"1991\" srcset=\"https:\/\/vatelier.fr\/wp-content\/uploads\/2020\/02\/porte-vitr\u00e9-scaled.jpg 2560w, https:\/\/vatelier.fr\/wp-content\/uploads\/2020\/02\/porte-vitr\u00e9-300x233.jpg 300w, https:\/\/vatelier.fr\/wp-content\/uploads\/2020\/02\/porte-vitr\u00e9-1024x797.jpg 1024w, https:\/\/vatelier.fr\/wp-content\/uploads\/2020\/02\/porte-vitr\u00e9-768x597.jpg 768w, https:\/\/vatelier.fr\/wp-content\/uploads\/2020\/02\/porte-vitr\u00e9-1536x1195.jpg 1536w, https:\/\/vatelier.fr\/wp-content\/uploads\/2020\/02\/porte-vitr\u00e9-2048x1593.jpg 2048w, https:\/\/vatelier.fr\/wp-content\/uploads\/2020\/02\/porte-vitr\u00e9-750x583.jpg 750w, https:\/\/vatelier.fr\/wp-content\/uploads\/2020\/02\/porte-vitr\u00e9-400x311.jpg 400w, https:\/\/vatelier.fr\/wp-content\/uploads\/2020\/02\/porte-vitr\u00e9-430x334.jpg 430w, https:\/\/vatelier.fr\/wp-content\/uploads\/2020\/02\/porte-vitr\u00e9-150x117.jpg 150w, https:\/\/vatelier.fr\/wp-content\/uploads\/2020\/02\/porte-vitr\u00e9-100x78.jpg 100w\" sizes=\"auto, (max-width: 2560px) 100vw, 2560px\" \/>\n<figure id=\"attachment_1344\" aria-describedby=\"caption-attachment-1344\" style=\"width: 1950px\" class=\"wp-caption aligncenter\"><img loading=\"lazy\" decoding=\"async\" class=\"size-full wp-image-1344\" src=\"http:\/\/vatelier.fr\/wp-content\/uploads\/2020\/02\/porte-vitr\u00e9-2-scaled.jpg\" alt=\"\" width=\"1950\" height=\"2560\" srcset=\"https:\/\/vatelier.fr\/wp-content\/uploads\/2020\/02\/porte-vitr\u00e9-2-scaled.jpg 1950w, https:\/\/vatelier.fr\/wp-content\/uploads\/2020\/02\/porte-vitr\u00e9-2-229x300.jpg 229w, https:\/\/vatelier.fr\/wp-content\/uploads\/2020\/02\/porte-vitr\u00e9-2-780x1024.jpg 780w, https:\/\/vatelier.fr\/wp-content\/uploads\/2020\/02\/porte-vitr\u00e9-2-768x1008.jpg 768w, https:\/\/vatelier.fr\/wp-content\/uploads\/2020\/02\/porte-vitr\u00e9-2-585x768.jpg 585w, https:\/\/vatelier.fr\/wp-content\/uploads\/2020\/02\/porte-vitr\u00e9-2-1170x1536.jpg 1170w, https:\/\/vatelier.fr\/wp-content\/uploads\/2020\/02\/porte-vitr\u00e9-2-1560x2048.jpg 1560w, https:\/\/vatelier.fr\/wp-content\/uploads\/2020\/02\/porte-vitr\u00e9-2-750x984.jpg 750w, https:\/\/vatelier.fr\/wp-content\/uploads\/2020\/02\/porte-vitr\u00e9-2-400x525.jpg 400w, https:\/\/vatelier.fr\/wp-content\/uploads\/2020\/02\/porte-vitr\u00e9-2-430x564.jpg 430w, https:\/\/vatelier.fr\/wp-content\/uploads\/2020\/02\/porte-vitr\u00e9-2-150x197.jpg 150w, https:\/\/vatelier.fr\/wp-content\/uploads\/2020\/02\/porte-vitr\u00e9-2-100x131.jpg 100w\" sizes=\"auto, (max-width: 1950px) 100vw, 1950px\" \/><figcaption id=\"caption-attachment-1344\" class=\"wp-caption-text\">Porte vitr\u00e9<\/figcaption><\/figure>\n<\/div>\n<\/div>\n<\/div>\n<div>\u00a0<\/div>\n<div>\u00a0<\/div>\n<div dir=\"ltr\">\n<div>Portes-fen\u00eatres doubles ventaux :<\/div>\n<div>. 2 mod\u00e8les H213x 140 cm<\/div>\n<div>. 2 mod\u00e8les H225x 132 cm<\/div>\n<div>\n<figure id=\"attachment_1341\" aria-describedby=\"caption-attachment-1341\" style=\"width: 1440px\" class=\"wp-caption aligncenter\"><img loading=\"lazy\" decoding=\"async\" class=\"size-full wp-image-1341\" src=\"http:\/\/vatelier.fr\/wp-content\/uploads\/2020\/02\/porte-fenetre-scaled.jpg\" alt=\"\" width=\"1440\" height=\"2560\" srcset=\"https:\/\/vatelier.fr\/wp-content\/uploads\/2020\/02\/porte-fenetre-scaled.jpg 1440w, https:\/\/vatelier.fr\/wp-content\/uploads\/2020\/02\/porte-fenetre-169x300.jpg 169w, https:\/\/vatelier.fr\/wp-content\/uploads\/2020\/02\/porte-fenetre-576x1024.jpg 576w, https:\/\/vatelier.fr\/wp-content\/uploads\/2020\/02\/porte-fenetre-768x1365.jpg 768w, https:\/\/vatelier.fr\/wp-content\/uploads\/2020\/02\/porte-fenetre-432x768.jpg 432w, https:\/\/vatelier.fr\/wp-content\/uploads\/2020\/02\/porte-fenetre-864x1536.jpg 864w, https:\/\/vatelier.fr\/wp-content\/uploads\/2020\/02\/porte-fenetre-1152x2048.jpg 1152w, https:\/\/vatelier.fr\/wp-content\/uploads\/2020\/02\/porte-fenetre-750x1333.jpg 750w, https:\/\/vatelier.fr\/wp-content\/uploads\/2020\/02\/porte-fenetre-400x711.jpg 400w, https:\/\/vatelier.fr\/wp-content\/uploads\/2020\/02\/porte-fenetre-430x764.jpg 430w, https:\/\/vatelier.fr\/wp-content\/uploads\/2020\/02\/porte-fenetre-150x267.jpg 150w, https:\/\/vatelier.fr\/wp-content\/uploads\/2020\/02\/porte-fenetre-100x178.jpg 100w\" sizes=\"auto, (max-width: 1440px) 100vw, 1440px\" \/><figcaption id=\"caption-attachment-1341\" class=\"wp-caption-text\">Portes fen\u00eatres<\/figcaption><\/figure>\n<\/div>\n<div>\u00a0<\/div>\n<div>\n<div class=\"mceTemp\">\u00a0<\/div>\n<\/div>\n<div>\u00a0<\/div>\n<div>Portes en bois int\u00e9rieur :<\/div>\n<div>. H204x 85<\/div>\n<div>. H207x 73<\/div>\n<div>. H204x 73<\/div>\n<div>. H204x 83<\/div>\n<div>. H204x 63<\/div>\n<div><img loading=\"lazy\" decoding=\"async\" class=\"aligncenter size-full wp-image-1342\" src=\"http:\/\/vatelier.fr\/wp-content\/uploads\/2020\/02\/portes-scaled.jpg\" alt=\"\" width=\"2560\" height=\"1899\" srcset=\"https:\/\/vatelier.fr\/wp-content\/uploads\/2020\/02\/portes-scaled.jpg 2560w, https:\/\/vatelier.fr\/wp-content\/uploads\/2020\/02\/portes-300x223.jpg 300w, https:\/\/vatelier.fr\/wp-content\/uploads\/2020\/02\/portes-1024x760.jpg 1024w, https:\/\/vatelier.fr\/wp-content\/uploads\/2020\/02\/portes-768x570.jpg 768w, https:\/\/vatelier.fr\/wp-content\/uploads\/2020\/02\/portes-1536x1139.jpg 1536w, https:\/\/vatelier.fr\/wp-content\/uploads\/2020\/02\/portes-2048x1519.jpg 2048w, https:\/\/vatelier.fr\/wp-content\/uploads\/2020\/02\/portes-750x556.jpg 750w, https:\/\/vatelier.fr\/wp-content\/uploads\/2020\/02\/portes-400x297.jpg 400w, https:\/\/vatelier.fr\/wp-content\/uploads\/2020\/02\/portes-430x319.jpg 430w, https:\/\/vatelier.fr\/wp-content\/uploads\/2020\/02\/portes-150x111.jpg 150w, https:\/\/vatelier.fr\/wp-content\/uploads\/2020\/02\/portes-100x74.jpg 100w\" sizes=\"auto, (max-width: 2560px) 100vw, 2560px\" \/> <img loading=\"lazy\" decoding=\"async\" class=\"aligncenter size-full wp-image-1340\" src=\"http:\/\/vatelier.fr\/wp-content\/uploads\/2020\/02\/porte-2-scaled.jpg\" alt=\"\" width=\"2560\" height=\"2037\" srcset=\"https:\/\/vatelier.fr\/wp-content\/uploads\/2020\/02\/porte-2-scaled.jpg 2560w, https:\/\/vatelier.fr\/wp-content\/uploads\/2020\/02\/porte-2-300x239.jpg 300w, https:\/\/vatelier.fr\/wp-content\/uploads\/2020\/02\/porte-2-1024x815.jpg 1024w, https:\/\/vatelier.fr\/wp-content\/uploads\/2020\/02\/porte-2-768x611.jpg 768w, https:\/\/vatelier.fr\/wp-content\/uploads\/2020\/02\/porte-2-1536x1222.jpg 1536w, https:\/\/vatelier.fr\/wp-content\/uploads\/2020\/02\/porte-2-2048x1629.jpg 2048w, https:\/\/vatelier.fr\/wp-content\/uploads\/2020\/02\/porte-2-750x597.jpg 750w, https:\/\/vatelier.fr\/wp-content\/uploads\/2020\/02\/porte-2-400x318.jpg 400w, https:\/\/vatelier.fr\/wp-content\/uploads\/2020\/02\/porte-2-430x342.jpg 430w, https:\/\/vatelier.fr\/wp-content\/uploads\/2020\/02\/porte-2-150x119.jpg 150w, https:\/\/vatelier.fr\/wp-content\/uploads\/2020\/02\/porte-2-100x80.jpg 100w\" sizes=\"auto, (max-width: 2560px) 100vw, 2560px\" \/><\/div>\n<\/div>\n<div>\u00a0<\/div>\n<div>\u00a0<\/div>\n<div>\u00a0<\/div>\n<div>\u00a0<\/div>\n<div>\n<div>Fen\u00eatre doubles ventaux : Certaines sont encore emball\u00e9es !!<\/div>\n<div>. H166x 95<\/div>\n<div>. H156x 140<\/div>\n<div>. H122x 130<\/div>\n<div>. 2 mod\u00e8les H136x 131<\/div>\n<div>. H156x 97<\/div>\n<div><img loading=\"lazy\" decoding=\"async\" class=\"aligncenter size-full wp-image-1339\" src=\"http:\/\/vatelier.fr\/wp-content\/uploads\/2020\/02\/fenetre-scaled.jpg\" alt=\"\" width=\"1440\" height=\"2560\" srcset=\"https:\/\/vatelier.fr\/wp-content\/uploads\/2020\/02\/fenetre-scaled.jpg 1440w, https:\/\/vatelier.fr\/wp-content\/uploads\/2020\/02\/fenetre-169x300.jpg 169w, https:\/\/vatelier.fr\/wp-content\/uploads\/2020\/02\/fenetre-576x1024.jpg 576w, https:\/\/vatelier.fr\/wp-content\/uploads\/2020\/02\/fenetre-768x1365.jpg 768w, https:\/\/vatelier.fr\/wp-content\/uploads\/2020\/02\/fenetre-432x768.jpg 432w, https:\/\/vatelier.fr\/wp-content\/uploads\/2020\/02\/fenetre-864x1536.jpg 864w, https:\/\/vatelier.fr\/wp-content\/uploads\/2020\/02\/fenetre-1152x2048.jpg 1152w, https:\/\/vatelier.fr\/wp-content\/uploads\/2020\/02\/fenetre-750x1333.jpg 750w, https:\/\/vatelier.fr\/wp-content\/uploads\/2020\/02\/fenetre-400x711.jpg 400w, https:\/\/vatelier.fr\/wp-content\/uploads\/2020\/02\/fenetre-430x764.jpg 430w, https:\/\/vatelier.fr\/wp-content\/uploads\/2020\/02\/fenetre-150x267.jpg 150w, https:\/\/vatelier.fr\/wp-content\/uploads\/2020\/02\/fenetre-100x178.jpg 100w\" sizes=\"auto, (max-width: 1440px) 100vw, 1440px\" \/><\/div>\n<\/div>\n<div>\u00a0<\/div>\n<div dir=\"ltr\">\n<div>Autres type de fen\u00eatres (compos\u00e9es de vitres fixes avec un ventail ou plus ) :<\/div>\n<div>. H156x 120<\/div>\n<div>. H167x 95<\/div>\n<div>. H219x 113<\/div>\n<\/div>\n","protected":false},"excerpt":{"rendered":"<p>Portes vitr\u00e9es : . H210x 87 . H204x 78 . H204x 83 . 2 mod\u00e8les H223x 75 \u00a0 \u00a0 Portes-fen\u00eatres doubles ventaux : . 2 mod\u00e8les H213x 140 cm . [&hellip;]<\/p>\n","protected":false},"author":1,"featured_media":0,"comment_status":"open","ping_status":"open","sticky":false,"template":"","format":"standard","meta":{"footnotes":""},"categories":[14],"tags":[],"class_list":["post-1338","post","type-post","status-publish","format-standard","hentry","category-actus-et-arrivages"],"yoast_head":"<!-- This site is optimized with the Yoast SEO plugin v27.5 - https:\/\/yoast.com\/product\/yoast-seo-wordpress\/ -->\n<title>Tout sur nos Portes et Fen\u00eatres (certaines sont neuves !!!) - Valence Atelier Libre<\/title>\n<meta name=\"robots\" content=\"index, follow, max-snippet:-1, max-image-preview:large, max-video-preview:-1\" \/>\n<link rel=\"canonical\" href=\"http:\/\/vatelier.fr\/index.php\/2020\/02\/04\/tout-sur-nos-portes-et-fenetres-certaines-sont-neuves\/\" \/>\n<meta property=\"og:locale\" content=\"fr_FR\" \/>\n<meta property=\"og:type\" content=\"article\" \/>\n<meta property=\"og:title\" content=\"Tout sur nos Portes et Fen\u00eatres (certaines sont neuves !!!) - Valence Atelier Libre\" \/>\n<meta property=\"og:description\" content=\"Portes vitr\u00e9es : . H210x 87 . H204x 78 . H204x 83 . 2 mod\u00e8les H223x 75 \u00a0 \u00a0 Portes-fen\u00eatres doubles ventaux : . 2 mod\u00e8les H213x 140 cm . [&hellip;]\" \/>\n<meta property=\"og:url\" content=\"http:\/\/vatelier.fr\/index.php\/2020\/02\/04\/tout-sur-nos-portes-et-fenetres-certaines-sont-neuves\/\" \/>\n<meta property=\"og:site_name\" content=\"Valence Atelier Libre\" \/>\n<meta property=\"article:published_time\" content=\"2020-02-04T15:37:20+00:00\" \/>\n<meta property=\"article:modified_time\" content=\"2020-02-04T15:37:21+00:00\" \/>\n<meta property=\"og:image\" content=\"http:\/\/vatelier.fr\/wp-content\/uploads\/2020\/02\/porte-fenetre-scaled.jpg\" \/>\n<meta name=\"author\" content=\"vatelieradmin\" \/>\n<meta name=\"twitter:card\" content=\"summary_large_image\" \/>\n<meta name=\"twitter:label1\" content=\"\u00c9crit par\" \/>\n\t<meta name=\"twitter:data1\" content=\"vatelieradmin\" \/>\n\t<meta name=\"twitter:label2\" content=\"Dur\u00e9e de lecture estim\u00e9e\" \/>\n\t<meta name=\"twitter:data2\" content=\"1 minute\" \/>\n<script type=\"application\/ld+json\" class=\"yoast-schema-graph\">{\"@context\":\"https:\\\/\\\/schema.org\",\"@graph\":[{\"@type\":\"Article\",\"@id\":\"http:\\\/\\\/vatelier.fr\\\/index.php\\\/2020\\\/02\\\/04\\\/tout-sur-nos-portes-et-fenetres-certaines-sont-neuves\\\/#article\",\"isPartOf\":{\"@id\":\"http:\\\/\\\/vatelier.fr\\\/index.php\\\/2020\\\/02\\\/04\\\/tout-sur-nos-portes-et-fenetres-certaines-sont-neuves\\\/\"},\"author\":{\"name\":\"vatelieradmin\",\"@id\":\"https:\\\/\\\/vatelier.fr\\\/#\\\/schema\\\/person\\\/2af92da0d368454dd50e41745ef10ec5\"},\"headline\":\"Tout sur nos Portes et Fen\u00eatres (certaines sont neuves !!!)\",\"datePublished\":\"2020-02-04T15:37:20+00:00\",\"dateModified\":\"2020-02-04T15:37:21+00:00\",\"mainEntityOfPage\":{\"@id\":\"http:\\\/\\\/vatelier.fr\\\/index.php\\\/2020\\\/02\\\/04\\\/tout-sur-nos-portes-et-fenetres-certaines-sont-neuves\\\/\"},\"wordCount\":113,\"commentCount\":0,\"publisher\":{\"@id\":\"https:\\\/\\\/vatelier.fr\\\/#organization\"},\"image\":{\"@id\":\"http:\\\/\\\/vatelier.fr\\\/index.php\\\/2020\\\/02\\\/04\\\/tout-sur-nos-portes-et-fenetres-certaines-sont-neuves\\\/#primaryimage\"},\"thumbnailUrl\":\"http:\\\/\\\/vatelier.fr\\\/wp-content\\\/uploads\\\/2020\\\/02\\\/porte-fenetre-scaled.jpg\",\"articleSection\":[\"Actus et Arrivages\"],\"inLanguage\":\"fr-FR\",\"potentialAction\":[{\"@type\":\"CommentAction\",\"name\":\"Comment\",\"target\":[\"http:\\\/\\\/vatelier.fr\\\/index.php\\\/2020\\\/02\\\/04\\\/tout-sur-nos-portes-et-fenetres-certaines-sont-neuves\\\/#respond\"]}]},{\"@type\":\"WebPage\",\"@id\":\"http:\\\/\\\/vatelier.fr\\\/index.php\\\/2020\\\/02\\\/04\\\/tout-sur-nos-portes-et-fenetres-certaines-sont-neuves\\\/\",\"url\":\"http:\\\/\\\/vatelier.fr\\\/index.php\\\/2020\\\/02\\\/04\\\/tout-sur-nos-portes-et-fenetres-certaines-sont-neuves\\\/\",\"name\":\"Tout sur nos Portes et Fen\u00eatres (certaines sont neuves !!!) - Valence Atelier Libre\",\"isPartOf\":{\"@id\":\"https:\\\/\\\/vatelier.fr\\\/#website\"},\"primaryImageOfPage\":{\"@id\":\"http:\\\/\\\/vatelier.fr\\\/index.php\\\/2020\\\/02\\\/04\\\/tout-sur-nos-portes-et-fenetres-certaines-sont-neuves\\\/#primaryimage\"},\"image\":{\"@id\":\"http:\\\/\\\/vatelier.fr\\\/index.php\\\/2020\\\/02\\\/04\\\/tout-sur-nos-portes-et-fenetres-certaines-sont-neuves\\\/#primaryimage\"},\"thumbnailUrl\":\"http:\\\/\\\/vatelier.fr\\\/wp-content\\\/uploads\\\/2020\\\/02\\\/porte-fenetre-scaled.jpg\",\"datePublished\":\"2020-02-04T15:37:20+00:00\",\"dateModified\":\"2020-02-04T15:37:21+00:00\",\"breadcrumb\":{\"@id\":\"http:\\\/\\\/vatelier.fr\\\/index.php\\\/2020\\\/02\\\/04\\\/tout-sur-nos-portes-et-fenetres-certaines-sont-neuves\\\/#breadcrumb\"},\"inLanguage\":\"fr-FR\",\"potentialAction\":[{\"@type\":\"ReadAction\",\"target\":[\"http:\\\/\\\/vatelier.fr\\\/index.php\\\/2020\\\/02\\\/04\\\/tout-sur-nos-portes-et-fenetres-certaines-sont-neuves\\\/\"]}]},{\"@type\":\"ImageObject\",\"inLanguage\":\"fr-FR\",\"@id\":\"http:\\\/\\\/vatelier.fr\\\/index.php\\\/2020\\\/02\\\/04\\\/tout-sur-nos-portes-et-fenetres-certaines-sont-neuves\\\/#primaryimage\",\"url\":\"https:\\\/\\\/vatelier.fr\\\/wp-content\\\/uploads\\\/2020\\\/02\\\/porte-fenetre-scaled.jpg\",\"contentUrl\":\"https:\\\/\\\/vatelier.fr\\\/wp-content\\\/uploads\\\/2020\\\/02\\\/porte-fenetre-scaled.jpg\",\"width\":1440,\"height\":2560,\"caption\":\"Portes fen\u00eatres\"},{\"@type\":\"BreadcrumbList\",\"@id\":\"http:\\\/\\\/vatelier.fr\\\/index.php\\\/2020\\\/02\\\/04\\\/tout-sur-nos-portes-et-fenetres-certaines-sont-neuves\\\/#breadcrumb\",\"itemListElement\":[{\"@type\":\"ListItem\",\"position\":1,\"name\":\"Accueil\",\"item\":\"https:\\\/\\\/vatelier.fr\\\/\"},{\"@type\":\"ListItem\",\"position\":2,\"name\":\"Tout sur nos Portes et Fen\u00eatres (certaines sont neuves !!!)\"}]},{\"@type\":\"WebSite\",\"@id\":\"https:\\\/\\\/vatelier.fr\\\/#website\",\"url\":\"https:\\\/\\\/vatelier.fr\\\/\",\"name\":\"Valence Atelier Libre\",\"description\":\"Association de partage de savoir-faire\",\"publisher\":{\"@id\":\"https:\\\/\\\/vatelier.fr\\\/#organization\"},\"potentialAction\":[{\"@type\":\"SearchAction\",\"target\":{\"@type\":\"EntryPoint\",\"urlTemplate\":\"https:\\\/\\\/vatelier.fr\\\/?s={search_term_string}\"},\"query-input\":{\"@type\":\"PropertyValueSpecification\",\"valueRequired\":true,\"valueName\":\"search_term_string\"}}],\"inLanguage\":\"fr-FR\"},{\"@type\":\"Organization\",\"@id\":\"https:\\\/\\\/vatelier.fr\\\/#organization\",\"name\":\"Valence Atelier Libre\",\"url\":\"https:\\\/\\\/vatelier.fr\\\/\",\"logo\":{\"@type\":\"ImageObject\",\"inLanguage\":\"fr-FR\",\"@id\":\"https:\\\/\\\/vatelier.fr\\\/#\\\/schema\\\/logo\\\/image\\\/\",\"url\":\"http:\\\/\\\/vatelier.fr\\\/wp-content\\\/uploads\\\/2016\\\/02\\\/logo-jeanne.png\",\"contentUrl\":\"http:\\\/\\\/vatelier.fr\\\/wp-content\\\/uploads\\\/2016\\\/02\\\/logo-jeanne.png\",\"width\":906,\"height\":843,\"caption\":\"Valence Atelier Libre\"},\"image\":{\"@id\":\"https:\\\/\\\/vatelier.fr\\\/#\\\/schema\\\/logo\\\/image\\\/\"}},{\"@type\":\"Person\",\"@id\":\"https:\\\/\\\/vatelier.fr\\\/#\\\/schema\\\/person\\\/2af92da0d368454dd50e41745ef10ec5\",\"name\":\"vatelieradmin\",\"image\":{\"@type\":\"ImageObject\",\"inLanguage\":\"fr-FR\",\"@id\":\"https:\\\/\\\/secure.gravatar.com\\\/avatar\\\/5397e01a6ff535a0fb455d8a868a555e463328ddc2276d22e6c9574f56706782?s=96&d=mm&r=g\",\"url\":\"https:\\\/\\\/secure.gravatar.com\\\/avatar\\\/5397e01a6ff535a0fb455d8a868a555e463328ddc2276d22e6c9574f56706782?s=96&d=mm&r=g\",\"contentUrl\":\"https:\\\/\\\/secure.gravatar.com\\\/avatar\\\/5397e01a6ff535a0fb455d8a868a555e463328ddc2276d22e6c9574f56706782?s=96&d=mm&r=g\",\"caption\":\"vatelieradmin\"},\"url\":\"https:\\\/\\\/vatelier.fr\\\/index.php\\\/author\\\/vatelieradmin\\\/\"}]}<\/script>\n<!-- \/ Yoast SEO plugin. -->","yoast_head_json":{"title":"Tout sur nos Portes et Fen\u00eatres (certaines sont neuves !!!) - Valence Atelier Libre","robots":{"index":"index","follow":"follow","max-snippet":"max-snippet:-1","max-image-preview":"max-image-preview:large","max-video-preview":"max-video-preview:-1"},"canonical":"http:\/\/vatelier.fr\/index.php\/2020\/02\/04\/tout-sur-nos-portes-et-fenetres-certaines-sont-neuves\/","og_locale":"fr_FR","og_type":"article","og_title":"Tout sur nos Portes et Fen\u00eatres (certaines sont neuves !!!) - Valence Atelier Libre","og_description":"Portes vitr\u00e9es : . H210x 87 . H204x 78 . H204x 83 . 2 mod\u00e8les H223x 75 \u00a0 \u00a0 Portes-fen\u00eatres doubles ventaux : . 2 mod\u00e8les H213x 140 cm . [&hellip;]","og_url":"http:\/\/vatelier.fr\/index.php\/2020\/02\/04\/tout-sur-nos-portes-et-fenetres-certaines-sont-neuves\/","og_site_name":"Valence Atelier Libre","article_published_time":"2020-02-04T15:37:20+00:00","article_modified_time":"2020-02-04T15:37:21+00:00","og_image":[{"url":"http:\/\/vatelier.fr\/wp-content\/uploads\/2020\/02\/porte-fenetre-scaled.jpg","type":"","width":"","height":""}],"author":"vatelieradmin","twitter_card":"summary_large_image","twitter_misc":{"\u00c9crit par":"vatelieradmin","Dur\u00e9e de lecture estim\u00e9e":"1 minute"},"schema":{"@context":"https:\/\/schema.org","@graph":[{"@type":"Article","@id":"http:\/\/vatelier.fr\/index.php\/2020\/02\/04\/tout-sur-nos-portes-et-fenetres-certaines-sont-neuves\/#article","isPartOf":{"@id":"http:\/\/vatelier.fr\/index.php\/2020\/02\/04\/tout-sur-nos-portes-et-fenetres-certaines-sont-neuves\/"},"author":{"name":"vatelieradmin","@id":"https:\/\/vatelier.fr\/#\/schema\/person\/2af92da0d368454dd50e41745ef10ec5"},"headline":"Tout sur nos Portes et Fen\u00eatres (certaines sont neuves !!!)","datePublished":"2020-02-04T15:37:20+00:00","dateModified":"2020-02-04T15:37:21+00:00","mainEntityOfPage":{"@id":"http:\/\/vatelier.fr\/index.php\/2020\/02\/04\/tout-sur-nos-portes-et-fenetres-certaines-sont-neuves\/"},"wordCount":113,"commentCount":0,"publisher":{"@id":"https:\/\/vatelier.fr\/#organization"},"image":{"@id":"http:\/\/vatelier.fr\/index.php\/2020\/02\/04\/tout-sur-nos-portes-et-fenetres-certaines-sont-neuves\/#primaryimage"},"thumbnailUrl":"http:\/\/vatelier.fr\/wp-content\/uploads\/2020\/02\/porte-fenetre-scaled.jpg","articleSection":["Actus et Arrivages"],"inLanguage":"fr-FR","potentialAction":[{"@type":"CommentAction","name":"Comment","target":["http:\/\/vatelier.fr\/index.php\/2020\/02\/04\/tout-sur-nos-portes-et-fenetres-certaines-sont-neuves\/#respond"]}]},{"@type":"WebPage","@id":"http:\/\/vatelier.fr\/index.php\/2020\/02\/04\/tout-sur-nos-portes-et-fenetres-certaines-sont-neuves\/","url":"http:\/\/vatelier.fr\/index.php\/2020\/02\/04\/tout-sur-nos-portes-et-fenetres-certaines-sont-neuves\/","name":"Tout sur nos Portes et Fen\u00eatres (certaines sont neuves !!!) - Valence Atelier Libre","isPartOf":{"@id":"https:\/\/vatelier.fr\/#website"},"primaryImageOfPage":{"@id":"http:\/\/vatelier.fr\/index.php\/2020\/02\/04\/tout-sur-nos-portes-et-fenetres-certaines-sont-neuves\/#primaryimage"},"image":{"@id":"http:\/\/vatelier.fr\/index.php\/2020\/02\/04\/tout-sur-nos-portes-et-fenetres-certaines-sont-neuves\/#primaryimage"},"thumbnailUrl":"http:\/\/vatelier.fr\/wp-content\/uploads\/2020\/02\/porte-fenetre-scaled.jpg","datePublished":"2020-02-04T15:37:20+00:00","dateModified":"2020-02-04T15:37:21+00:00","breadcrumb":{"@id":"http:\/\/vatelier.fr\/index.php\/2020\/02\/04\/tout-sur-nos-portes-et-fenetres-certaines-sont-neuves\/#breadcrumb"},"inLanguage":"fr-FR","potentialAction":[{"@type":"ReadAction","target":["http:\/\/vatelier.fr\/index.php\/2020\/02\/04\/tout-sur-nos-portes-et-fenetres-certaines-sont-neuves\/"]}]},{"@type":"ImageObject","inLanguage":"fr-FR","@id":"http:\/\/vatelier.fr\/index.php\/2020\/02\/04\/tout-sur-nos-portes-et-fenetres-certaines-sont-neuves\/#primaryimage","url":"https:\/\/vatelier.fr\/wp-content\/uploads\/2020\/02\/porte-fenetre-scaled.jpg","contentUrl":"https:\/\/vatelier.fr\/wp-content\/uploads\/2020\/02\/porte-fenetre-scaled.jpg","width":1440,"height":2560,"caption":"Portes fen\u00eatres"},{"@type":"BreadcrumbList","@id":"http:\/\/vatelier.fr\/index.php\/2020\/02\/04\/tout-sur-nos-portes-et-fenetres-certaines-sont-neuves\/#breadcrumb","itemListElement":[{"@type":"ListItem","position":1,"name":"Accueil","item":"https:\/\/vatelier.fr\/"},{"@type":"ListItem","position":2,"name":"Tout sur nos Portes et Fen\u00eatres (certaines sont neuves !!!)"}]},{"@type":"WebSite","@id":"https:\/\/vatelier.fr\/#website","url":"https:\/\/vatelier.fr\/","name":"Valence Atelier Libre","description":"Association de partage de savoir-faire","publisher":{"@id":"https:\/\/vatelier.fr\/#organization"},"potentialAction":[{"@type":"SearchAction","target":{"@type":"EntryPoint","urlTemplate":"https:\/\/vatelier.fr\/?s={search_term_string}"},"query-input":{"@type":"PropertyValueSpecification","valueRequired":true,"valueName":"search_term_string"}}],"inLanguage":"fr-FR"},{"@type":"Organization","@id":"https:\/\/vatelier.fr\/#organization","name":"Valence Atelier Libre","url":"https:\/\/vatelier.fr\/","logo":{"@type":"ImageObject","inLanguage":"fr-FR","@id":"https:\/\/vatelier.fr\/#\/schema\/logo\/image\/","url":"http:\/\/vatelier.fr\/wp-content\/uploads\/2016\/02\/logo-jeanne.png","contentUrl":"http:\/\/vatelier.fr\/wp-content\/uploads\/2016\/02\/logo-jeanne.png","width":906,"height":843,"caption":"Valence Atelier Libre"},"image":{"@id":"https:\/\/vatelier.fr\/#\/schema\/logo\/image\/"}},{"@type":"Person","@id":"https:\/\/vatelier.fr\/#\/schema\/person\/2af92da0d368454dd50e41745ef10ec5","name":"vatelieradmin","image":{"@type":"ImageObject","inLanguage":"fr-FR","@id":"https:\/\/secure.gravatar.com\/avatar\/5397e01a6ff535a0fb455d8a868a555e463328ddc2276d22e6c9574f56706782?s=96&d=mm&r=g","url":"https:\/\/secure.gravatar.com\/avatar\/5397e01a6ff535a0fb455d8a868a555e463328ddc2276d22e6c9574f56706782?s=96&d=mm&r=g","contentUrl":"https:\/\/secure.gravatar.com\/avatar\/5397e01a6ff535a0fb455d8a868a555e463328ddc2276d22e6c9574f56706782?s=96&d=mm&r=g","caption":"vatelieradmin"},"url":"https:\/\/vatelier.fr\/index.php\/author\/vatelieradmin\/"}]}},"_links":{"self":[{"href":"https:\/\/vatelier.fr\/index.php\/wp-json\/wp\/v2\/posts\/1338","targetHints":{"allow":["GET"]}}],"collection":[{"href":"https:\/\/vatelier.fr\/index.php\/wp-json\/wp\/v2\/posts"}],"about":[{"href":"https:\/\/vatelier.fr\/index.php\/wp-json\/wp\/v2\/types\/post"}],"author":[{"embeddable":true,"href":"https:\/\/vatelier.fr\/index.php\/wp-json\/wp\/v2\/users\/1"}],"replies":[{"embeddable":true,"href":"https:\/\/vatelier.fr\/index.php\/wp-json\/wp\/v2\/comments?post=1338"}],"version-history":[{"count":1,"href":"https:\/\/vatelier.fr\/index.php\/wp-json\/wp\/v2\/posts\/1338\/revisions"}],"predecessor-version":[{"id":1345,"href":"https:\/\/vatelier.fr\/index.php\/wp-json\/wp\/v2\/posts\/1338\/revisions\/1345"}],"wp:attachment":[{"href":"https:\/\/vatelier.fr\/index.php\/wp-json\/wp\/v2\/media?parent=1338"}],"wp:term":[{"taxonomy":"category","embeddable":true,"href":"https:\/\/vatelier.fr\/index.php\/wp-json\/wp\/v2\/categories?post=1338"},{"taxonomy":"post_tag","embeddable":true,"href":"https:\/\/vatelier.fr\/index.php\/wp-json\/wp\/v2\/tags?post=1338"}],"curies":[{"name":"wp","href":"https:\/\/api.w.org\/{rel}","templated":true}]}}