{"id":1627,"date":"2020-11-18T17:59:00","date_gmt":"2020-11-18T15:59:00","guid":{"rendered":"http:\/\/vatelier.fr\/?p=1627"},"modified":"2020-12-16T16:44:25","modified_gmt":"2020-12-16T14:44:25","slug":"apercu-outillage-dispo-en-nov-2020","status":"publish","type":"post","link":"https:\/\/vatelier.fr\/index.php\/2020\/11\/18\/apercu-outillage-dispo-en-nov-2020\/","title":{"rendered":"Aper\u00e7u Outillage Dec 2020"},"content":{"rendered":"\n<p>Cet aper\u00e7u n&rsquo;est pas exhaustif, n&rsquo;h\u00e9sitez pas \u00e0 nous contacter si vous cherchez un outil en particulier !<\/p>\n<p><img loading=\"lazy\" decoding=\"async\" class=\"aligncenter size-full wp-image-1722\" src=\"http:\/\/vatelier.fr\/wp-content\/uploads\/2020\/11\/20201205_104525-rotated.jpg\" alt=\"\" width=\"480\" height=\"640\" srcset=\"https:\/\/vatelier.fr\/wp-content\/uploads\/2020\/11\/20201205_104525-rotated.jpg 480w, https:\/\/vatelier.fr\/wp-content\/uploads\/2020\/11\/20201205_104525-225x300.jpg 225w, https:\/\/vatelier.fr\/wp-content\/uploads\/2020\/11\/20201205_104525-400x533.jpg 400w, https:\/\/vatelier.fr\/wp-content\/uploads\/2020\/11\/20201205_104525-430x573.jpg 430w, https:\/\/vatelier.fr\/wp-content\/uploads\/2020\/11\/20201205_104525-150x200.jpg 150w, https:\/\/vatelier.fr\/wp-content\/uploads\/2020\/11\/20201205_104525-100x133.jpg 100w\" sizes=\"auto, (max-width: 480px) 100vw, 480px\" \/><\/p>\n<p>Reste 3 \u00e9tais<\/p>\n<p><img loading=\"lazy\" decoding=\"async\" class=\"size-full wp-image-1632\" src=\"http:\/\/vatelier.fr\/wp-content\/uploads\/2020\/11\/20201114_162234-rotated.jpg\" alt=\"\" width=\"506\" height=\"900\" srcset=\"https:\/\/vatelier.fr\/wp-content\/uploads\/2020\/11\/20201114_162234-rotated.jpg 506w, https:\/\/vatelier.fr\/wp-content\/uploads\/2020\/11\/20201114_162234-169x300.jpg 169w, https:\/\/vatelier.fr\/wp-content\/uploads\/2020\/11\/20201114_162234-432x768.jpg 432w, https:\/\/vatelier.fr\/wp-content\/uploads\/2020\/11\/20201114_162234-400x711.jpg 400w, https:\/\/vatelier.fr\/wp-content\/uploads\/2020\/11\/20201114_162234-430x765.jpg 430w, https:\/\/vatelier.fr\/wp-content\/uploads\/2020\/11\/20201114_162234-150x267.jpg 150w, https:\/\/vatelier.fr\/wp-content\/uploads\/2020\/11\/20201114_162234-100x178.jpg 100w\" sizes=\"auto, (max-width: 506px) 100vw, 506px\" \/><\/p>\n<p>\u00c9lectroportatif<\/p>\n<figure id=\"attachment_1631\" aria-describedby=\"caption-attachment-1631\" style=\"width: 900px\" class=\"wp-caption aligncenter\"><img loading=\"lazy\" decoding=\"async\" class=\"size-full wp-image-1631\" src=\"http:\/\/vatelier.fr\/wp-content\/uploads\/2020\/11\/20201114_162023.jpg\" alt=\"\" width=\"900\" height=\"506\" srcset=\"https:\/\/vatelier.fr\/wp-content\/uploads\/2020\/11\/20201114_162023.jpg 900w, https:\/\/vatelier.fr\/wp-content\/uploads\/2020\/11\/20201114_162023-300x169.jpg 300w, https:\/\/vatelier.fr\/wp-content\/uploads\/2020\/11\/20201114_162023-768x432.jpg 768w, https:\/\/vatelier.fr\/wp-content\/uploads\/2020\/11\/20201114_162023-750x422.jpg 750w, https:\/\/vatelier.fr\/wp-content\/uploads\/2020\/11\/20201114_162023-400x225.jpg 400w, https:\/\/vatelier.fr\/wp-content\/uploads\/2020\/11\/20201114_162023-430x242.jpg 430w, https:\/\/vatelier.fr\/wp-content\/uploads\/2020\/11\/20201114_162023-150x84.jpg 150w, https:\/\/vatelier.fr\/wp-content\/uploads\/2020\/11\/20201114_162023-100x56.jpg 100w\" sizes=\"auto, (max-width: 900px) 100vw, 900px\" \/><figcaption id=\"caption-attachment-1631\" class=\"wp-caption-text\">Un grand choix d&rsquo;outils et d&rsquo;ustensils<\/figcaption><\/figure>\n<figure id=\"attachment_1633\" aria-describedby=\"caption-attachment-1633\" style=\"width: 506px\" class=\"wp-caption aligncenter\"><img loading=\"lazy\" decoding=\"async\" class=\"size-full wp-image-1633\" src=\"http:\/\/vatelier.fr\/wp-content\/uploads\/2020\/11\/20201114_162809.jpg\" alt=\"\" width=\"506\" height=\"900\" srcset=\"https:\/\/vatelier.fr\/wp-content\/uploads\/2020\/11\/20201114_162809.jpg 506w, https:\/\/vatelier.fr\/wp-content\/uploads\/2020\/11\/20201114_162809-169x300.jpg 169w, https:\/\/vatelier.fr\/wp-content\/uploads\/2020\/11\/20201114_162809-432x768.jpg 432w, https:\/\/vatelier.fr\/wp-content\/uploads\/2020\/11\/20201114_162809-400x711.jpg 400w, https:\/\/vatelier.fr\/wp-content\/uploads\/2020\/11\/20201114_162809-430x765.jpg 430w, https:\/\/vatelier.fr\/wp-content\/uploads\/2020\/11\/20201114_162809-150x267.jpg 150w, https:\/\/vatelier.fr\/wp-content\/uploads\/2020\/11\/20201114_162809-100x178.jpg 100w\" sizes=\"auto, (max-width: 506px) 100vw, 506px\" \/><figcaption id=\"caption-attachment-1633\" class=\"wp-caption-text\">Tondeuse<\/figcaption><\/figure>\n<figure id=\"attachment_1634\" aria-describedby=\"caption-attachment-1634\" style=\"width: 506px\" class=\"wp-caption aligncenter\"><img loading=\"lazy\" decoding=\"async\" class=\"size-full wp-image-1634\" src=\"http:\/\/vatelier.fr\/wp-content\/uploads\/2020\/11\/20201114_162921.jpg\" alt=\"\" width=\"506\" height=\"900\" srcset=\"https:\/\/vatelier.fr\/wp-content\/uploads\/2020\/11\/20201114_162921.jpg 506w, https:\/\/vatelier.fr\/wp-content\/uploads\/2020\/11\/20201114_162921-169x300.jpg 169w, https:\/\/vatelier.fr\/wp-content\/uploads\/2020\/11\/20201114_162921-432x768.jpg 432w, https:\/\/vatelier.fr\/wp-content\/uploads\/2020\/11\/20201114_162921-400x711.jpg 400w, https:\/\/vatelier.fr\/wp-content\/uploads\/2020\/11\/20201114_162921-430x765.jpg 430w, https:\/\/vatelier.fr\/wp-content\/uploads\/2020\/11\/20201114_162921-150x267.jpg 150w, https:\/\/vatelier.fr\/wp-content\/uploads\/2020\/11\/20201114_162921-100x178.jpg 100w\" sizes=\"auto, (max-width: 506px) 100vw, 506px\" \/><figcaption id=\"caption-attachment-1634\" class=\"wp-caption-text\">Tondeuse<\/figcaption><\/figure>\n<figure id=\"attachment_1630\" aria-describedby=\"caption-attachment-1630\" style=\"width: 900px\" class=\"wp-caption aligncenter\"><img loading=\"lazy\" decoding=\"async\" class=\"size-full wp-image-1630\" src=\"http:\/\/vatelier.fr\/wp-content\/uploads\/2020\/11\/20201114_162007-rotated.jpg\" alt=\"\" width=\"900\" height=\"506\" srcset=\"https:\/\/vatelier.fr\/wp-content\/uploads\/2020\/11\/20201114_162007-rotated.jpg 900w, https:\/\/vatelier.fr\/wp-content\/uploads\/2020\/11\/20201114_162007-300x169.jpg 300w, https:\/\/vatelier.fr\/wp-content\/uploads\/2020\/11\/20201114_162007-768x432.jpg 768w, https:\/\/vatelier.fr\/wp-content\/uploads\/2020\/11\/20201114_162007-750x422.jpg 750w, https:\/\/vatelier.fr\/wp-content\/uploads\/2020\/11\/20201114_162007-400x225.jpg 400w, https:\/\/vatelier.fr\/wp-content\/uploads\/2020\/11\/20201114_162007-430x242.jpg 430w, https:\/\/vatelier.fr\/wp-content\/uploads\/2020\/11\/20201114_162007-150x84.jpg 150w, https:\/\/vatelier.fr\/wp-content\/uploads\/2020\/11\/20201114_162007-100x56.jpg 100w\" sizes=\"auto, (max-width: 900px) 100vw, 900px\" \/><figcaption id=\"caption-attachment-1630\" class=\"wp-caption-text\">Outils a main<\/figcaption><\/figure>\n","protected":false},"excerpt":{"rendered":"<p>Cet aper\u00e7u n&rsquo;est pas exhaustif, n&rsquo;h\u00e9sitez pas \u00e0 nous contacter si vous cherchez un outil en particulier ! Reste 3 \u00e9tais \u00c9lectroportatif<\/p>\n","protected":false},"author":1,"featured_media":0,"comment_status":"open","ping_status":"open","sticky":false,"template":"","format":"standard","meta":{"footnotes":""},"categories":[14],"tags":[],"class_list":["post-1627","post","type-post","status-publish","format-standard","hentry","category-actus-et-arrivages"],"yoast_head":"<!-- This site is optimized with the Yoast SEO plugin v27.5 - https:\/\/yoast.com\/product\/yoast-seo-wordpress\/ -->\n<title>Aper\u00e7u Outillage Dec 2020 - Valence Atelier Libre<\/title>\n<meta name=\"robots\" content=\"index, follow, max-snippet:-1, max-image-preview:large, max-video-preview:-1\" \/>\n<link rel=\"canonical\" href=\"https:\/\/vatelier.fr\/index.php\/2020\/11\/18\/apercu-outillage-dispo-en-nov-2020\/\" \/>\n<meta property=\"og:locale\" content=\"fr_FR\" \/>\n<meta property=\"og:type\" content=\"article\" \/>\n<meta property=\"og:title\" content=\"Aper\u00e7u Outillage Dec 2020 - Valence Atelier Libre\" \/>\n<meta property=\"og:description\" content=\"Cet aper\u00e7u n&rsquo;est pas exhaustif, n&rsquo;h\u00e9sitez pas \u00e0 nous contacter si vous cherchez un outil en particulier ! Reste 3 \u00e9tais \u00c9lectroportatif\" \/>\n<meta property=\"og:url\" content=\"https:\/\/vatelier.fr\/index.php\/2020\/11\/18\/apercu-outillage-dispo-en-nov-2020\/\" \/>\n<meta property=\"og:site_name\" content=\"Valence Atelier Libre\" \/>\n<meta property=\"article:published_time\" content=\"2020-11-18T15:59:00+00:00\" \/>\n<meta property=\"article:modified_time\" content=\"2020-12-16T14:44:25+00:00\" \/>\n<meta property=\"og:image\" content=\"http:\/\/vatelier.fr\/wp-content\/uploads\/2020\/11\/20201205_104525-rotated.jpg\" \/>\n<meta name=\"author\" content=\"vatelieradmin\" \/>\n<meta name=\"twitter:card\" content=\"summary_large_image\" \/>\n<meta name=\"twitter:label1\" content=\"\u00c9crit par\" \/>\n\t<meta name=\"twitter:data1\" content=\"vatelieradmin\" \/>\n<script type=\"application\/ld+json\" class=\"yoast-schema-graph\">{\"@context\":\"https:\\\/\\\/schema.org\",\"@graph\":[{\"@type\":\"Article\",\"@id\":\"https:\\\/\\\/vatelier.fr\\\/index.php\\\/2020\\\/11\\\/18\\\/apercu-outillage-dispo-en-nov-2020\\\/#article\",\"isPartOf\":{\"@id\":\"https:\\\/\\\/vatelier.fr\\\/index.php\\\/2020\\\/11\\\/18\\\/apercu-outillage-dispo-en-nov-2020\\\/\"},\"author\":{\"name\":\"vatelieradmin\",\"@id\":\"https:\\\/\\\/vatelier.fr\\\/#\\\/schema\\\/person\\\/2af92da0d368454dd50e41745ef10ec5\"},\"headline\":\"Aper\u00e7u Outillage Dec 2020\",\"datePublished\":\"2020-11-18T15:59:00+00:00\",\"dateModified\":\"2020-12-16T14:44:25+00:00\",\"mainEntityOfPage\":{\"@id\":\"https:\\\/\\\/vatelier.fr\\\/index.php\\\/2020\\\/11\\\/18\\\/apercu-outillage-dispo-en-nov-2020\\\/\"},\"wordCount\":68,\"commentCount\":0,\"publisher\":{\"@id\":\"https:\\\/\\\/vatelier.fr\\\/#organization\"},\"image\":{\"@id\":\"https:\\\/\\\/vatelier.fr\\\/index.php\\\/2020\\\/11\\\/18\\\/apercu-outillage-dispo-en-nov-2020\\\/#primaryimage\"},\"thumbnailUrl\":\"http:\\\/\\\/vatelier.fr\\\/wp-content\\\/uploads\\\/2020\\\/11\\\/20201205_104525-rotated.jpg\",\"articleSection\":[\"Actus et Arrivages\"],\"inLanguage\":\"fr-FR\",\"potentialAction\":[{\"@type\":\"CommentAction\",\"name\":\"Comment\",\"target\":[\"https:\\\/\\\/vatelier.fr\\\/index.php\\\/2020\\\/11\\\/18\\\/apercu-outillage-dispo-en-nov-2020\\\/#respond\"]}]},{\"@type\":\"WebPage\",\"@id\":\"https:\\\/\\\/vatelier.fr\\\/index.php\\\/2020\\\/11\\\/18\\\/apercu-outillage-dispo-en-nov-2020\\\/\",\"url\":\"https:\\\/\\\/vatelier.fr\\\/index.php\\\/2020\\\/11\\\/18\\\/apercu-outillage-dispo-en-nov-2020\\\/\",\"name\":\"Aper\u00e7u Outillage Dec 2020 - Valence Atelier Libre\",\"isPartOf\":{\"@id\":\"https:\\\/\\\/vatelier.fr\\\/#website\"},\"primaryImageOfPage\":{\"@id\":\"https:\\\/\\\/vatelier.fr\\\/index.php\\\/2020\\\/11\\\/18\\\/apercu-outillage-dispo-en-nov-2020\\\/#primaryimage\"},\"image\":{\"@id\":\"https:\\\/\\\/vatelier.fr\\\/index.php\\\/2020\\\/11\\\/18\\\/apercu-outillage-dispo-en-nov-2020\\\/#primaryimage\"},\"thumbnailUrl\":\"http:\\\/\\\/vatelier.fr\\\/wp-content\\\/uploads\\\/2020\\\/11\\\/20201205_104525-rotated.jpg\",\"datePublished\":\"2020-11-18T15:59:00+00:00\",\"dateModified\":\"2020-12-16T14:44:25+00:00\",\"breadcrumb\":{\"@id\":\"https:\\\/\\\/vatelier.fr\\\/index.php\\\/2020\\\/11\\\/18\\\/apercu-outillage-dispo-en-nov-2020\\\/#breadcrumb\"},\"inLanguage\":\"fr-FR\",\"potentialAction\":[{\"@type\":\"ReadAction\",\"target\":[\"https:\\\/\\\/vatelier.fr\\\/index.php\\\/2020\\\/11\\\/18\\\/apercu-outillage-dispo-en-nov-2020\\\/\"]}]},{\"@type\":\"ImageObject\",\"inLanguage\":\"fr-FR\",\"@id\":\"https:\\\/\\\/vatelier.fr\\\/index.php\\\/2020\\\/11\\\/18\\\/apercu-outillage-dispo-en-nov-2020\\\/#primaryimage\",\"url\":\"https:\\\/\\\/vatelier.fr\\\/wp-content\\\/uploads\\\/2020\\\/11\\\/20201205_104525-rotated.jpg\",\"contentUrl\":\"https:\\\/\\\/vatelier.fr\\\/wp-content\\\/uploads\\\/2020\\\/11\\\/20201205_104525-rotated.jpg\",\"width\":480,\"height\":640},{\"@type\":\"BreadcrumbList\",\"@id\":\"https:\\\/\\\/vatelier.fr\\\/index.php\\\/2020\\\/11\\\/18\\\/apercu-outillage-dispo-en-nov-2020\\\/#breadcrumb\",\"itemListElement\":[{\"@type\":\"ListItem\",\"position\":1,\"name\":\"Accueil\",\"item\":\"https:\\\/\\\/vatelier.fr\\\/\"},{\"@type\":\"ListItem\",\"position\":2,\"name\":\"Aper\u00e7u Outillage Dec 2020\"}]},{\"@type\":\"WebSite\",\"@id\":\"https:\\\/\\\/vatelier.fr\\\/#website\",\"url\":\"https:\\\/\\\/vatelier.fr\\\/\",\"name\":\"Valence Atelier Libre\",\"description\":\"Association de partage de savoir-faire\",\"publisher\":{\"@id\":\"https:\\\/\\\/vatelier.fr\\\/#organization\"},\"potentialAction\":[{\"@type\":\"SearchAction\",\"target\":{\"@type\":\"EntryPoint\",\"urlTemplate\":\"https:\\\/\\\/vatelier.fr\\\/?s={search_term_string}\"},\"query-input\":{\"@type\":\"PropertyValueSpecification\",\"valueRequired\":true,\"valueName\":\"search_term_string\"}}],\"inLanguage\":\"fr-FR\"},{\"@type\":\"Organization\",\"@id\":\"https:\\\/\\\/vatelier.fr\\\/#organization\",\"name\":\"Valence Atelier Libre\",\"url\":\"https:\\\/\\\/vatelier.fr\\\/\",\"logo\":{\"@type\":\"ImageObject\",\"inLanguage\":\"fr-FR\",\"@id\":\"https:\\\/\\\/vatelier.fr\\\/#\\\/schema\\\/logo\\\/image\\\/\",\"url\":\"http:\\\/\\\/vatelier.fr\\\/wp-content\\\/uploads\\\/2016\\\/02\\\/logo-jeanne.png\",\"contentUrl\":\"http:\\\/\\\/vatelier.fr\\\/wp-content\\\/uploads\\\/2016\\\/02\\\/logo-jeanne.png\",\"width\":906,\"height\":843,\"caption\":\"Valence Atelier Libre\"},\"image\":{\"@id\":\"https:\\\/\\\/vatelier.fr\\\/#\\\/schema\\\/logo\\\/image\\\/\"}},{\"@type\":\"Person\",\"@id\":\"https:\\\/\\\/vatelier.fr\\\/#\\\/schema\\\/person\\\/2af92da0d368454dd50e41745ef10ec5\",\"name\":\"vatelieradmin\",\"image\":{\"@type\":\"ImageObject\",\"inLanguage\":\"fr-FR\",\"@id\":\"https:\\\/\\\/secure.gravatar.com\\\/avatar\\\/5397e01a6ff535a0fb455d8a868a555e463328ddc2276d22e6c9574f56706782?s=96&d=mm&r=g\",\"url\":\"https:\\\/\\\/secure.gravatar.com\\\/avatar\\\/5397e01a6ff535a0fb455d8a868a555e463328ddc2276d22e6c9574f56706782?s=96&d=mm&r=g\",\"contentUrl\":\"https:\\\/\\\/secure.gravatar.com\\\/avatar\\\/5397e01a6ff535a0fb455d8a868a555e463328ddc2276d22e6c9574f56706782?s=96&d=mm&r=g\",\"caption\":\"vatelieradmin\"},\"url\":\"https:\\\/\\\/vatelier.fr\\\/index.php\\\/author\\\/vatelieradmin\\\/\"}]}<\/script>\n<!-- \/ Yoast SEO plugin. -->","yoast_head_json":{"title":"Aper\u00e7u Outillage Dec 2020 - Valence Atelier Libre","robots":{"index":"index","follow":"follow","max-snippet":"max-snippet:-1","max-image-preview":"max-image-preview:large","max-video-preview":"max-video-preview:-1"},"canonical":"https:\/\/vatelier.fr\/index.php\/2020\/11\/18\/apercu-outillage-dispo-en-nov-2020\/","og_locale":"fr_FR","og_type":"article","og_title":"Aper\u00e7u Outillage Dec 2020 - Valence Atelier Libre","og_description":"Cet aper\u00e7u n&rsquo;est pas exhaustif, n&rsquo;h\u00e9sitez pas \u00e0 nous contacter si vous cherchez un outil en particulier ! Reste 3 \u00e9tais \u00c9lectroportatif","og_url":"https:\/\/vatelier.fr\/index.php\/2020\/11\/18\/apercu-outillage-dispo-en-nov-2020\/","og_site_name":"Valence Atelier Libre","article_published_time":"2020-11-18T15:59:00+00:00","article_modified_time":"2020-12-16T14:44:25+00:00","og_image":[{"url":"http:\/\/vatelier.fr\/wp-content\/uploads\/2020\/11\/20201205_104525-rotated.jpg","type":"","width":"","height":""}],"author":"vatelieradmin","twitter_card":"summary_large_image","twitter_misc":{"\u00c9crit par":"vatelieradmin"},"schema":{"@context":"https:\/\/schema.org","@graph":[{"@type":"Article","@id":"https:\/\/vatelier.fr\/index.php\/2020\/11\/18\/apercu-outillage-dispo-en-nov-2020\/#article","isPartOf":{"@id":"https:\/\/vatelier.fr\/index.php\/2020\/11\/18\/apercu-outillage-dispo-en-nov-2020\/"},"author":{"name":"vatelieradmin","@id":"https:\/\/vatelier.fr\/#\/schema\/person\/2af92da0d368454dd50e41745ef10ec5"},"headline":"Aper\u00e7u Outillage Dec 2020","datePublished":"2020-11-18T15:59:00+00:00","dateModified":"2020-12-16T14:44:25+00:00","mainEntityOfPage":{"@id":"https:\/\/vatelier.fr\/index.php\/2020\/11\/18\/apercu-outillage-dispo-en-nov-2020\/"},"wordCount":68,"commentCount":0,"publisher":{"@id":"https:\/\/vatelier.fr\/#organization"},"image":{"@id":"https:\/\/vatelier.fr\/index.php\/2020\/11\/18\/apercu-outillage-dispo-en-nov-2020\/#primaryimage"},"thumbnailUrl":"http:\/\/vatelier.fr\/wp-content\/uploads\/2020\/11\/20201205_104525-rotated.jpg","articleSection":["Actus et Arrivages"],"inLanguage":"fr-FR","potentialAction":[{"@type":"CommentAction","name":"Comment","target":["https:\/\/vatelier.fr\/index.php\/2020\/11\/18\/apercu-outillage-dispo-en-nov-2020\/#respond"]}]},{"@type":"WebPage","@id":"https:\/\/vatelier.fr\/index.php\/2020\/11\/18\/apercu-outillage-dispo-en-nov-2020\/","url":"https:\/\/vatelier.fr\/index.php\/2020\/11\/18\/apercu-outillage-dispo-en-nov-2020\/","name":"Aper\u00e7u Outillage Dec 2020 - Valence Atelier Libre","isPartOf":{"@id":"https:\/\/vatelier.fr\/#website"},"primaryImageOfPage":{"@id":"https:\/\/vatelier.fr\/index.php\/2020\/11\/18\/apercu-outillage-dispo-en-nov-2020\/#primaryimage"},"image":{"@id":"https:\/\/vatelier.fr\/index.php\/2020\/11\/18\/apercu-outillage-dispo-en-nov-2020\/#primaryimage"},"thumbnailUrl":"http:\/\/vatelier.fr\/wp-content\/uploads\/2020\/11\/20201205_104525-rotated.jpg","datePublished":"2020-11-18T15:59:00+00:00","dateModified":"2020-12-16T14:44:25+00:00","breadcrumb":{"@id":"https:\/\/vatelier.fr\/index.php\/2020\/11\/18\/apercu-outillage-dispo-en-nov-2020\/#breadcrumb"},"inLanguage":"fr-FR","potentialAction":[{"@type":"ReadAction","target":["https:\/\/vatelier.fr\/index.php\/2020\/11\/18\/apercu-outillage-dispo-en-nov-2020\/"]}]},{"@type":"ImageObject","inLanguage":"fr-FR","@id":"https:\/\/vatelier.fr\/index.php\/2020\/11\/18\/apercu-outillage-dispo-en-nov-2020\/#primaryimage","url":"https:\/\/vatelier.fr\/wp-content\/uploads\/2020\/11\/20201205_104525-rotated.jpg","contentUrl":"https:\/\/vatelier.fr\/wp-content\/uploads\/2020\/11\/20201205_104525-rotated.jpg","width":480,"height":640},{"@type":"BreadcrumbList","@id":"https:\/\/vatelier.fr\/index.php\/2020\/11\/18\/apercu-outillage-dispo-en-nov-2020\/#breadcrumb","itemListElement":[{"@type":"ListItem","position":1,"name":"Accueil","item":"https:\/\/vatelier.fr\/"},{"@type":"ListItem","position":2,"name":"Aper\u00e7u Outillage Dec 2020"}]},{"@type":"WebSite","@id":"https:\/\/vatelier.fr\/#website","url":"https:\/\/vatelier.fr\/","name":"Valence Atelier Libre","description":"Association de partage de savoir-faire","publisher":{"@id":"https:\/\/vatelier.fr\/#organization"},"potentialAction":[{"@type":"SearchAction","target":{"@type":"EntryPoint","urlTemplate":"https:\/\/vatelier.fr\/?s={search_term_string}"},"query-input":{"@type":"PropertyValueSpecification","valueRequired":true,"valueName":"search_term_string"}}],"inLanguage":"fr-FR"},{"@type":"Organization","@id":"https:\/\/vatelier.fr\/#organization","name":"Valence Atelier Libre","url":"https:\/\/vatelier.fr\/","logo":{"@type":"ImageObject","inLanguage":"fr-FR","@id":"https:\/\/vatelier.fr\/#\/schema\/logo\/image\/","url":"http:\/\/vatelier.fr\/wp-content\/uploads\/2016\/02\/logo-jeanne.png","contentUrl":"http:\/\/vatelier.fr\/wp-content\/uploads\/2016\/02\/logo-jeanne.png","width":906,"height":843,"caption":"Valence Atelier Libre"},"image":{"@id":"https:\/\/vatelier.fr\/#\/schema\/logo\/image\/"}},{"@type":"Person","@id":"https:\/\/vatelier.fr\/#\/schema\/person\/2af92da0d368454dd50e41745ef10ec5","name":"vatelieradmin","image":{"@type":"ImageObject","inLanguage":"fr-FR","@id":"https:\/\/secure.gravatar.com\/avatar\/5397e01a6ff535a0fb455d8a868a555e463328ddc2276d22e6c9574f56706782?s=96&d=mm&r=g","url":"https:\/\/secure.gravatar.com\/avatar\/5397e01a6ff535a0fb455d8a868a555e463328ddc2276d22e6c9574f56706782?s=96&d=mm&r=g","contentUrl":"https:\/\/secure.gravatar.com\/avatar\/5397e01a6ff535a0fb455d8a868a555e463328ddc2276d22e6c9574f56706782?s=96&d=mm&r=g","caption":"vatelieradmin"},"url":"https:\/\/vatelier.fr\/index.php\/author\/vatelieradmin\/"}]}},"_links":{"self":[{"href":"https:\/\/vatelier.fr\/index.php\/wp-json\/wp\/v2\/posts\/1627","targetHints":{"allow":["GET"]}}],"collection":[{"href":"https:\/\/vatelier.fr\/index.php\/wp-json\/wp\/v2\/posts"}],"about":[{"href":"https:\/\/vatelier.fr\/index.php\/wp-json\/wp\/v2\/types\/post"}],"author":[{"embeddable":true,"href":"https:\/\/vatelier.fr\/index.php\/wp-json\/wp\/v2\/users\/1"}],"replies":[{"embeddable":true,"href":"https:\/\/vatelier.fr\/index.php\/wp-json\/wp\/v2\/comments?post=1627"}],"version-history":[{"count":7,"href":"https:\/\/vatelier.fr\/index.php\/wp-json\/wp\/v2\/posts\/1627\/revisions"}],"predecessor-version":[{"id":1734,"href":"https:\/\/vatelier.fr\/index.php\/wp-json\/wp\/v2\/posts\/1627\/revisions\/1734"}],"wp:attachment":[{"href":"https:\/\/vatelier.fr\/index.php\/wp-json\/wp\/v2\/media?parent=1627"}],"wp:term":[{"taxonomy":"category","embeddable":true,"href":"https:\/\/vatelier.fr\/index.php\/wp-json\/wp\/v2\/categories?post=1627"},{"taxonomy":"post_tag","embeddable":true,"href":"https:\/\/vatelier.fr\/index.php\/wp-json\/wp\/v2\/tags?post=1627"}],"curies":[{"name":"wp","href":"https:\/\/api.w.org\/{rel}","templated":true}]}}