{"id":1645,"date":"2020-11-17T11:57:13","date_gmt":"2020-11-17T09:57:13","guid":{"rendered":"http:\/\/vatelier.fr\/?p=1645"},"modified":"2020-12-05T18:21:38","modified_gmt":"2020-12-05T16:21:38","slug":"apercu-du-bois-des-fenetres-et-des-isolants-dispo-en-nov-2020","status":"publish","type":"post","link":"https:\/\/vatelier.fr\/index.php\/2020\/11\/17\/apercu-du-bois-des-fenetres-et-des-isolants-dispo-en-nov-2020\/","title":{"rendered":"Aper\u00e7u du bois, des fenetres et des isolants dispo en Dec 2020"},"content":{"rendered":"\n<p>Cet aper\u00e7u n&rsquo;est pas exhaustif, n&rsquo;h\u00e9sitez pas \u00e0 nous contactez si vous cherchez un mat\u00e9riau en particulier<\/p>\n<p>\u00a0<\/p>\n<figure id=\"attachment_1647\" aria-describedby=\"caption-attachment-1647\" style=\"width: 506px\" class=\"wp-caption aligncenter\"><img loading=\"lazy\" decoding=\"async\" class=\"size-full wp-image-1647\" src=\"http:\/\/vatelier.fr\/wp-content\/uploads\/2020\/11\/20201114_161109.jpg\" alt=\"\" width=\"506\" height=\"900\" srcset=\"https:\/\/vatelier.fr\/wp-content\/uploads\/2020\/11\/20201114_161109.jpg 506w, https:\/\/vatelier.fr\/wp-content\/uploads\/2020\/11\/20201114_161109-169x300.jpg 169w, https:\/\/vatelier.fr\/wp-content\/uploads\/2020\/11\/20201114_161109-432x768.jpg 432w, https:\/\/vatelier.fr\/wp-content\/uploads\/2020\/11\/20201114_161109-400x711.jpg 400w, https:\/\/vatelier.fr\/wp-content\/uploads\/2020\/11\/20201114_161109-430x765.jpg 430w, https:\/\/vatelier.fr\/wp-content\/uploads\/2020\/11\/20201114_161109-150x267.jpg 150w, https:\/\/vatelier.fr\/wp-content\/uploads\/2020\/11\/20201114_161109-100x178.jpg 100w\" sizes=\"auto, (max-width: 506px) 100vw, 506px\" \/><figcaption id=\"caption-attachment-1647\" class=\"wp-caption-text\">Plinthes en massif<\/figcaption><\/figure>\n<figure id=\"attachment_1648\" aria-describedby=\"caption-attachment-1648\" style=\"width: 900px\" class=\"wp-caption aligncenter\"><img loading=\"lazy\" decoding=\"async\" class=\"size-full wp-image-1648\" src=\"http:\/\/vatelier.fr\/wp-content\/uploads\/2020\/11\/20201114_161118.jpg\" alt=\"\" width=\"900\" height=\"506\" srcset=\"https:\/\/vatelier.fr\/wp-content\/uploads\/2020\/11\/20201114_161118.jpg 900w, https:\/\/vatelier.fr\/wp-content\/uploads\/2020\/11\/20201114_161118-300x169.jpg 300w, https:\/\/vatelier.fr\/wp-content\/uploads\/2020\/11\/20201114_161118-768x432.jpg 768w, https:\/\/vatelier.fr\/wp-content\/uploads\/2020\/11\/20201114_161118-750x422.jpg 750w, https:\/\/vatelier.fr\/wp-content\/uploads\/2020\/11\/20201114_161118-400x225.jpg 400w, https:\/\/vatelier.fr\/wp-content\/uploads\/2020\/11\/20201114_161118-430x242.jpg 430w, https:\/\/vatelier.fr\/wp-content\/uploads\/2020\/11\/20201114_161118-150x84.jpg 150w, https:\/\/vatelier.fr\/wp-content\/uploads\/2020\/11\/20201114_161118-100x56.jpg 100w\" sizes=\"auto, (max-width: 900px) 100vw, 900px\" \/><figcaption id=\"caption-attachment-1648\" class=\"wp-caption-text\">Gros stock de Contre plaqu\u00e9<\/figcaption><\/figure>\n<figure id=\"attachment_1649\" aria-describedby=\"caption-attachment-1649\" style=\"width: 506px\" class=\"wp-caption aligncenter\"><img loading=\"lazy\" decoding=\"async\" class=\"size-full wp-image-1649\" src=\"http:\/\/vatelier.fr\/wp-content\/uploads\/2020\/11\/20201114_161133.jpg\" alt=\"\" width=\"506\" height=\"900\" srcset=\"https:\/\/vatelier.fr\/wp-content\/uploads\/2020\/11\/20201114_161133.jpg 506w, https:\/\/vatelier.fr\/wp-content\/uploads\/2020\/11\/20201114_161133-169x300.jpg 169w, https:\/\/vatelier.fr\/wp-content\/uploads\/2020\/11\/20201114_161133-432x768.jpg 432w, https:\/\/vatelier.fr\/wp-content\/uploads\/2020\/11\/20201114_161133-400x711.jpg 400w, https:\/\/vatelier.fr\/wp-content\/uploads\/2020\/11\/20201114_161133-430x765.jpg 430w, https:\/\/vatelier.fr\/wp-content\/uploads\/2020\/11\/20201114_161133-150x267.jpg 150w, https:\/\/vatelier.fr\/wp-content\/uploads\/2020\/11\/20201114_161133-100x178.jpg 100w\" sizes=\"auto, (max-width: 506px) 100vw, 506px\" \/><figcaption id=\"caption-attachment-1649\" class=\"wp-caption-text\">divers tasseaux et chevrons<\/figcaption><\/figure>\n<figure id=\"attachment_1650\" aria-describedby=\"caption-attachment-1650\" style=\"width: 506px\" class=\"wp-caption aligncenter\"><img loading=\"lazy\" decoding=\"async\" class=\"size-full wp-image-1650\" src=\"http:\/\/vatelier.fr\/wp-content\/uploads\/2020\/11\/20201114_161146.jpg\" alt=\"\" width=\"506\" height=\"900\" srcset=\"https:\/\/vatelier.fr\/wp-content\/uploads\/2020\/11\/20201114_161146.jpg 506w, https:\/\/vatelier.fr\/wp-content\/uploads\/2020\/11\/20201114_161146-169x300.jpg 169w, https:\/\/vatelier.fr\/wp-content\/uploads\/2020\/11\/20201114_161146-432x768.jpg 432w, https:\/\/vatelier.fr\/wp-content\/uploads\/2020\/11\/20201114_161146-400x711.jpg 400w, https:\/\/vatelier.fr\/wp-content\/uploads\/2020\/11\/20201114_161146-430x765.jpg 430w, https:\/\/vatelier.fr\/wp-content\/uploads\/2020\/11\/20201114_161146-150x267.jpg 150w, https:\/\/vatelier.fr\/wp-content\/uploads\/2020\/11\/20201114_161146-100x178.jpg 100w\" sizes=\"auto, (max-width: 506px) 100vw, 506px\" \/><figcaption id=\"caption-attachment-1650\" class=\"wp-caption-text\">Chevrons et poutres<\/figcaption><\/figure>\n<figure id=\"attachment_1651\" aria-describedby=\"caption-attachment-1651\" style=\"width: 506px\" class=\"wp-caption aligncenter\"><img loading=\"lazy\" decoding=\"async\" class=\"size-full wp-image-1651\" src=\"http:\/\/vatelier.fr\/wp-content\/uploads\/2020\/11\/20201114_161207.jpg\" alt=\"\" width=\"506\" height=\"900\" srcset=\"https:\/\/vatelier.fr\/wp-content\/uploads\/2020\/11\/20201114_161207.jpg 506w, https:\/\/vatelier.fr\/wp-content\/uploads\/2020\/11\/20201114_161207-169x300.jpg 169w, https:\/\/vatelier.fr\/wp-content\/uploads\/2020\/11\/20201114_161207-432x768.jpg 432w, https:\/\/vatelier.fr\/wp-content\/uploads\/2020\/11\/20201114_161207-400x711.jpg 400w, https:\/\/vatelier.fr\/wp-content\/uploads\/2020\/11\/20201114_161207-430x765.jpg 430w, https:\/\/vatelier.fr\/wp-content\/uploads\/2020\/11\/20201114_161207-150x267.jpg 150w, https:\/\/vatelier.fr\/wp-content\/uploads\/2020\/11\/20201114_161207-100x178.jpg 100w\" sizes=\"auto, (max-width: 506px) 100vw, 506px\" \/><figcaption id=\"caption-attachment-1651\" class=\"wp-caption-text\">Fen\u00eatre en double vitrage (diff\u00e9rentes tailles disponible)<\/figcaption><\/figure>\n<figure id=\"attachment_1652\" aria-describedby=\"caption-attachment-1652\" style=\"width: 506px\" class=\"wp-caption aligncenter\"><img loading=\"lazy\" decoding=\"async\" class=\"size-full wp-image-1652\" src=\"http:\/\/vatelier.fr\/wp-content\/uploads\/2020\/11\/20201114_161216.jpg\" alt=\"\" width=\"506\" height=\"900\" srcset=\"https:\/\/vatelier.fr\/wp-content\/uploads\/2020\/11\/20201114_161216.jpg 506w, https:\/\/vatelier.fr\/wp-content\/uploads\/2020\/11\/20201114_161216-169x300.jpg 169w, https:\/\/vatelier.fr\/wp-content\/uploads\/2020\/11\/20201114_161216-432x768.jpg 432w, https:\/\/vatelier.fr\/wp-content\/uploads\/2020\/11\/20201114_161216-400x711.jpg 400w, https:\/\/vatelier.fr\/wp-content\/uploads\/2020\/11\/20201114_161216-430x765.jpg 430w, https:\/\/vatelier.fr\/wp-content\/uploads\/2020\/11\/20201114_161216-150x267.jpg 150w, https:\/\/vatelier.fr\/wp-content\/uploads\/2020\/11\/20201114_161216-100x178.jpg 100w\" sizes=\"auto, (max-width: 506px) 100vw, 506px\" \/><figcaption id=\"caption-attachment-1652\" class=\"wp-caption-text\">Fen\u00eatres coulissantes<\/figcaption><\/figure>\n<figure id=\"attachment_1653\" aria-describedby=\"caption-attachment-1653\" style=\"width: 506px\" class=\"wp-caption aligncenter\"><img loading=\"lazy\" decoding=\"async\" class=\"size-full wp-image-1653\" src=\"http:\/\/vatelier.fr\/wp-content\/uploads\/2020\/11\/20201114_161307.jpg\" alt=\"\" width=\"506\" height=\"900\" srcset=\"https:\/\/vatelier.fr\/wp-content\/uploads\/2020\/11\/20201114_161307.jpg 506w, https:\/\/vatelier.fr\/wp-content\/uploads\/2020\/11\/20201114_161307-169x300.jpg 169w, https:\/\/vatelier.fr\/wp-content\/uploads\/2020\/11\/20201114_161307-432x768.jpg 432w, https:\/\/vatelier.fr\/wp-content\/uploads\/2020\/11\/20201114_161307-400x711.jpg 400w, https:\/\/vatelier.fr\/wp-content\/uploads\/2020\/11\/20201114_161307-430x765.jpg 430w, https:\/\/vatelier.fr\/wp-content\/uploads\/2020\/11\/20201114_161307-150x267.jpg 150w, https:\/\/vatelier.fr\/wp-content\/uploads\/2020\/11\/20201114_161307-100x178.jpg 100w\" sizes=\"auto, (max-width: 506px) 100vw, 506px\" \/><figcaption id=\"caption-attachment-1653\" class=\"wp-caption-text\">Portes avec leur cadre<\/figcaption><\/figure>\n<figure id=\"attachment_1654\" aria-describedby=\"caption-attachment-1654\" style=\"width: 506px\" class=\"wp-caption aligncenter\"><img loading=\"lazy\" decoding=\"async\" class=\"size-full wp-image-1654\" src=\"http:\/\/vatelier.fr\/wp-content\/uploads\/2020\/11\/20201114_161417.jpg\" alt=\"\" width=\"506\" height=\"900\" srcset=\"https:\/\/vatelier.fr\/wp-content\/uploads\/2020\/11\/20201114_161417.jpg 506w, https:\/\/vatelier.fr\/wp-content\/uploads\/2020\/11\/20201114_161417-169x300.jpg 169w, https:\/\/vatelier.fr\/wp-content\/uploads\/2020\/11\/20201114_161417-432x768.jpg 432w, https:\/\/vatelier.fr\/wp-content\/uploads\/2020\/11\/20201114_161417-400x711.jpg 400w, https:\/\/vatelier.fr\/wp-content\/uploads\/2020\/11\/20201114_161417-430x765.jpg 430w, https:\/\/vatelier.fr\/wp-content\/uploads\/2020\/11\/20201114_161417-150x267.jpg 150w, https:\/\/vatelier.fr\/wp-content\/uploads\/2020\/11\/20201114_161417-100x178.jpg 100w\" sizes=\"auto, (max-width: 506px) 100vw, 506px\" \/><figcaption id=\"caption-attachment-1654\" class=\"wp-caption-text\">Islant<\/figcaption><\/figure>\n<figure id=\"attachment_1655\" aria-describedby=\"caption-attachment-1655\" style=\"width: 506px\" class=\"wp-caption aligncenter\"><img loading=\"lazy\" decoding=\"async\" class=\"size-full wp-image-1655\" src=\"http:\/\/vatelier.fr\/wp-content\/uploads\/2020\/11\/20201114_161438.jpg\" alt=\"\" width=\"506\" height=\"900\" srcset=\"https:\/\/vatelier.fr\/wp-content\/uploads\/2020\/11\/20201114_161438.jpg 506w, https:\/\/vatelier.fr\/wp-content\/uploads\/2020\/11\/20201114_161438-169x300.jpg 169w, https:\/\/vatelier.fr\/wp-content\/uploads\/2020\/11\/20201114_161438-432x768.jpg 432w, https:\/\/vatelier.fr\/wp-content\/uploads\/2020\/11\/20201114_161438-400x711.jpg 400w, https:\/\/vatelier.fr\/wp-content\/uploads\/2020\/11\/20201114_161438-430x765.jpg 430w, https:\/\/vatelier.fr\/wp-content\/uploads\/2020\/11\/20201114_161438-150x267.jpg 150w, https:\/\/vatelier.fr\/wp-content\/uploads\/2020\/11\/20201114_161438-100x178.jpg 100w\" sizes=\"auto, (max-width: 506px) 100vw, 506px\" \/><figcaption id=\"caption-attachment-1655\" class=\"wp-caption-text\">Isolant bois rigide<\/figcaption><\/figure>\n<figure id=\"attachment_1656\" aria-describedby=\"caption-attachment-1656\" style=\"width: 900px\" class=\"wp-caption aligncenter\"><img loading=\"lazy\" decoding=\"async\" class=\"size-full wp-image-1656\" src=\"http:\/\/vatelier.fr\/wp-content\/uploads\/2020\/11\/20201114_161503.jpg\" alt=\"\" width=\"900\" height=\"506\" srcset=\"https:\/\/vatelier.fr\/wp-content\/uploads\/2020\/11\/20201114_161503.jpg 900w, https:\/\/vatelier.fr\/wp-content\/uploads\/2020\/11\/20201114_161503-300x169.jpg 300w, https:\/\/vatelier.fr\/wp-content\/uploads\/2020\/11\/20201114_161503-768x432.jpg 768w, https:\/\/vatelier.fr\/wp-content\/uploads\/2020\/11\/20201114_161503-750x422.jpg 750w, https:\/\/vatelier.fr\/wp-content\/uploads\/2020\/11\/20201114_161503-400x225.jpg 400w, https:\/\/vatelier.fr\/wp-content\/uploads\/2020\/11\/20201114_161503-430x242.jpg 430w, https:\/\/vatelier.fr\/wp-content\/uploads\/2020\/11\/20201114_161503-150x84.jpg 150w, https:\/\/vatelier.fr\/wp-content\/uploads\/2020\/11\/20201114_161503-100x56.jpg 100w\" sizes=\"auto, (max-width: 900px) 100vw, 900px\" \/><figcaption id=\"caption-attachment-1656\" class=\"wp-caption-text\">Laine de verre<\/figcaption><\/figure>\n<p>\u00a0<\/p>\n","protected":false},"excerpt":{"rendered":"<p>Cet aper\u00e7u n&rsquo;est pas exhaustif, n&rsquo;h\u00e9sitez pas \u00e0 nous contactez si vous cherchez un mat\u00e9riau en particulier \u00a0 \u00a0<\/p>\n","protected":false},"author":1,"featured_media":0,"comment_status":"open","ping_status":"open","sticky":false,"template":"","format":"standard","meta":{"footnotes":""},"categories":[14],"tags":[],"class_list":["post-1645","post","type-post","status-publish","format-standard","hentry","category-actus-et-arrivages"],"yoast_head":"<!-- This site is optimized with the Yoast SEO plugin v27.5 - https:\/\/yoast.com\/product\/yoast-seo-wordpress\/ -->\n<title>Aper\u00e7u du bois, des fenetres et des isolants dispo en Dec 2020 - Valence Atelier Libre<\/title>\n<meta name=\"robots\" content=\"index, follow, max-snippet:-1, max-image-preview:large, max-video-preview:-1\" \/>\n<link rel=\"canonical\" href=\"https:\/\/vatelier.fr\/index.php\/2020\/11\/17\/apercu-du-bois-des-fenetres-et-des-isolants-dispo-en-nov-2020\/\" \/>\n<meta property=\"og:locale\" content=\"fr_FR\" \/>\n<meta property=\"og:type\" content=\"article\" \/>\n<meta property=\"og:title\" content=\"Aper\u00e7u du bois, des fenetres et des isolants dispo en Dec 2020 - Valence Atelier Libre\" \/>\n<meta property=\"og:description\" content=\"Cet aper\u00e7u n&rsquo;est pas exhaustif, n&rsquo;h\u00e9sitez pas \u00e0 nous contactez si vous cherchez un mat\u00e9riau en particulier \u00a0 \u00a0\" \/>\n<meta property=\"og:url\" content=\"https:\/\/vatelier.fr\/index.php\/2020\/11\/17\/apercu-du-bois-des-fenetres-et-des-isolants-dispo-en-nov-2020\/\" \/>\n<meta property=\"og:site_name\" content=\"Valence Atelier Libre\" \/>\n<meta property=\"article:published_time\" content=\"2020-11-17T09:57:13+00:00\" \/>\n<meta property=\"article:modified_time\" content=\"2020-12-05T16:21:38+00:00\" \/>\n<meta property=\"og:image\" content=\"http:\/\/vatelier.fr\/wp-content\/uploads\/2020\/11\/20201114_161109.jpg\" \/>\n<meta name=\"author\" content=\"vatelieradmin\" \/>\n<meta name=\"twitter:card\" content=\"summary_large_image\" \/>\n<meta name=\"twitter:label1\" content=\"\u00c9crit par\" \/>\n\t<meta name=\"twitter:data1\" content=\"vatelieradmin\" \/>\n\t<meta name=\"twitter:label2\" content=\"Dur\u00e9e de lecture estim\u00e9e\" \/>\n\t<meta name=\"twitter:data2\" content=\"1 minute\" \/>\n<script type=\"application\/ld+json\" class=\"yoast-schema-graph\">{\"@context\":\"https:\\\/\\\/schema.org\",\"@graph\":[{\"@type\":\"Article\",\"@id\":\"https:\\\/\\\/vatelier.fr\\\/index.php\\\/2020\\\/11\\\/17\\\/apercu-du-bois-des-fenetres-et-des-isolants-dispo-en-nov-2020\\\/#article\",\"isPartOf\":{\"@id\":\"https:\\\/\\\/vatelier.fr\\\/index.php\\\/2020\\\/11\\\/17\\\/apercu-du-bois-des-fenetres-et-des-isolants-dispo-en-nov-2020\\\/\"},\"author\":{\"name\":\"vatelieradmin\",\"@id\":\"https:\\\/\\\/vatelier.fr\\\/#\\\/schema\\\/person\\\/2af92da0d368454dd50e41745ef10ec5\"},\"headline\":\"Aper\u00e7u du bois, des fenetres et des isolants dispo en Dec 2020\",\"datePublished\":\"2020-11-17T09:57:13+00:00\",\"dateModified\":\"2020-12-05T16:21:38+00:00\",\"mainEntityOfPage\":{\"@id\":\"https:\\\/\\\/vatelier.fr\\\/index.php\\\/2020\\\/11\\\/17\\\/apercu-du-bois-des-fenetres-et-des-isolants-dispo-en-nov-2020\\\/\"},\"wordCount\":141,\"commentCount\":0,\"publisher\":{\"@id\":\"https:\\\/\\\/vatelier.fr\\\/#organization\"},\"image\":{\"@id\":\"https:\\\/\\\/vatelier.fr\\\/index.php\\\/2020\\\/11\\\/17\\\/apercu-du-bois-des-fenetres-et-des-isolants-dispo-en-nov-2020\\\/#primaryimage\"},\"thumbnailUrl\":\"http:\\\/\\\/vatelier.fr\\\/wp-content\\\/uploads\\\/2020\\\/11\\\/20201114_161109.jpg\",\"articleSection\":[\"Actus et Arrivages\"],\"inLanguage\":\"fr-FR\",\"potentialAction\":[{\"@type\":\"CommentAction\",\"name\":\"Comment\",\"target\":[\"https:\\\/\\\/vatelier.fr\\\/index.php\\\/2020\\\/11\\\/17\\\/apercu-du-bois-des-fenetres-et-des-isolants-dispo-en-nov-2020\\\/#respond\"]}]},{\"@type\":\"WebPage\",\"@id\":\"https:\\\/\\\/vatelier.fr\\\/index.php\\\/2020\\\/11\\\/17\\\/apercu-du-bois-des-fenetres-et-des-isolants-dispo-en-nov-2020\\\/\",\"url\":\"https:\\\/\\\/vatelier.fr\\\/index.php\\\/2020\\\/11\\\/17\\\/apercu-du-bois-des-fenetres-et-des-isolants-dispo-en-nov-2020\\\/\",\"name\":\"Aper\u00e7u du bois, des fenetres et des isolants dispo en Dec 2020 - Valence Atelier Libre\",\"isPartOf\":{\"@id\":\"https:\\\/\\\/vatelier.fr\\\/#website\"},\"primaryImageOfPage\":{\"@id\":\"https:\\\/\\\/vatelier.fr\\\/index.php\\\/2020\\\/11\\\/17\\\/apercu-du-bois-des-fenetres-et-des-isolants-dispo-en-nov-2020\\\/#primaryimage\"},\"image\":{\"@id\":\"https:\\\/\\\/vatelier.fr\\\/index.php\\\/2020\\\/11\\\/17\\\/apercu-du-bois-des-fenetres-et-des-isolants-dispo-en-nov-2020\\\/#primaryimage\"},\"thumbnailUrl\":\"http:\\\/\\\/vatelier.fr\\\/wp-content\\\/uploads\\\/2020\\\/11\\\/20201114_161109.jpg\",\"datePublished\":\"2020-11-17T09:57:13+00:00\",\"dateModified\":\"2020-12-05T16:21:38+00:00\",\"breadcrumb\":{\"@id\":\"https:\\\/\\\/vatelier.fr\\\/index.php\\\/2020\\\/11\\\/17\\\/apercu-du-bois-des-fenetres-et-des-isolants-dispo-en-nov-2020\\\/#breadcrumb\"},\"inLanguage\":\"fr-FR\",\"potentialAction\":[{\"@type\":\"ReadAction\",\"target\":[\"https:\\\/\\\/vatelier.fr\\\/index.php\\\/2020\\\/11\\\/17\\\/apercu-du-bois-des-fenetres-et-des-isolants-dispo-en-nov-2020\\\/\"]}]},{\"@type\":\"ImageObject\",\"inLanguage\":\"fr-FR\",\"@id\":\"https:\\\/\\\/vatelier.fr\\\/index.php\\\/2020\\\/11\\\/17\\\/apercu-du-bois-des-fenetres-et-des-isolants-dispo-en-nov-2020\\\/#primaryimage\",\"url\":\"https:\\\/\\\/vatelier.fr\\\/wp-content\\\/uploads\\\/2020\\\/11\\\/20201114_161109.jpg\",\"contentUrl\":\"https:\\\/\\\/vatelier.fr\\\/wp-content\\\/uploads\\\/2020\\\/11\\\/20201114_161109.jpg\",\"width\":506,\"height\":900,\"caption\":\"User comments\"},{\"@type\":\"BreadcrumbList\",\"@id\":\"https:\\\/\\\/vatelier.fr\\\/index.php\\\/2020\\\/11\\\/17\\\/apercu-du-bois-des-fenetres-et-des-isolants-dispo-en-nov-2020\\\/#breadcrumb\",\"itemListElement\":[{\"@type\":\"ListItem\",\"position\":1,\"name\":\"Accueil\",\"item\":\"https:\\\/\\\/vatelier.fr\\\/\"},{\"@type\":\"ListItem\",\"position\":2,\"name\":\"Aper\u00e7u du bois, des fenetres et des isolants dispo en Dec 2020\"}]},{\"@type\":\"WebSite\",\"@id\":\"https:\\\/\\\/vatelier.fr\\\/#website\",\"url\":\"https:\\\/\\\/vatelier.fr\\\/\",\"name\":\"Valence Atelier Libre\",\"description\":\"Association de partage de savoir-faire\",\"publisher\":{\"@id\":\"https:\\\/\\\/vatelier.fr\\\/#organization\"},\"potentialAction\":[{\"@type\":\"SearchAction\",\"target\":{\"@type\":\"EntryPoint\",\"urlTemplate\":\"https:\\\/\\\/vatelier.fr\\\/?s={search_term_string}\"},\"query-input\":{\"@type\":\"PropertyValueSpecification\",\"valueRequired\":true,\"valueName\":\"search_term_string\"}}],\"inLanguage\":\"fr-FR\"},{\"@type\":\"Organization\",\"@id\":\"https:\\\/\\\/vatelier.fr\\\/#organization\",\"name\":\"Valence Atelier Libre\",\"url\":\"https:\\\/\\\/vatelier.fr\\\/\",\"logo\":{\"@type\":\"ImageObject\",\"inLanguage\":\"fr-FR\",\"@id\":\"https:\\\/\\\/vatelier.fr\\\/#\\\/schema\\\/logo\\\/image\\\/\",\"url\":\"http:\\\/\\\/vatelier.fr\\\/wp-content\\\/uploads\\\/2016\\\/02\\\/logo-jeanne.png\",\"contentUrl\":\"http:\\\/\\\/vatelier.fr\\\/wp-content\\\/uploads\\\/2016\\\/02\\\/logo-jeanne.png\",\"width\":906,\"height\":843,\"caption\":\"Valence Atelier Libre\"},\"image\":{\"@id\":\"https:\\\/\\\/vatelier.fr\\\/#\\\/schema\\\/logo\\\/image\\\/\"}},{\"@type\":\"Person\",\"@id\":\"https:\\\/\\\/vatelier.fr\\\/#\\\/schema\\\/person\\\/2af92da0d368454dd50e41745ef10ec5\",\"name\":\"vatelieradmin\",\"image\":{\"@type\":\"ImageObject\",\"inLanguage\":\"fr-FR\",\"@id\":\"https:\\\/\\\/secure.gravatar.com\\\/avatar\\\/5397e01a6ff535a0fb455d8a868a555e463328ddc2276d22e6c9574f56706782?s=96&d=mm&r=g\",\"url\":\"https:\\\/\\\/secure.gravatar.com\\\/avatar\\\/5397e01a6ff535a0fb455d8a868a555e463328ddc2276d22e6c9574f56706782?s=96&d=mm&r=g\",\"contentUrl\":\"https:\\\/\\\/secure.gravatar.com\\\/avatar\\\/5397e01a6ff535a0fb455d8a868a555e463328ddc2276d22e6c9574f56706782?s=96&d=mm&r=g\",\"caption\":\"vatelieradmin\"},\"url\":\"https:\\\/\\\/vatelier.fr\\\/index.php\\\/author\\\/vatelieradmin\\\/\"}]}<\/script>\n<!-- \/ Yoast SEO plugin. -->","yoast_head_json":{"title":"Aper\u00e7u du bois, des fenetres et des isolants dispo en Dec 2020 - Valence Atelier Libre","robots":{"index":"index","follow":"follow","max-snippet":"max-snippet:-1","max-image-preview":"max-image-preview:large","max-video-preview":"max-video-preview:-1"},"canonical":"https:\/\/vatelier.fr\/index.php\/2020\/11\/17\/apercu-du-bois-des-fenetres-et-des-isolants-dispo-en-nov-2020\/","og_locale":"fr_FR","og_type":"article","og_title":"Aper\u00e7u du bois, des fenetres et des isolants dispo en Dec 2020 - Valence Atelier Libre","og_description":"Cet aper\u00e7u n&rsquo;est pas exhaustif, n&rsquo;h\u00e9sitez pas \u00e0 nous contactez si vous cherchez un mat\u00e9riau en particulier \u00a0 \u00a0","og_url":"https:\/\/vatelier.fr\/index.php\/2020\/11\/17\/apercu-du-bois-des-fenetres-et-des-isolants-dispo-en-nov-2020\/","og_site_name":"Valence Atelier Libre","article_published_time":"2020-11-17T09:57:13+00:00","article_modified_time":"2020-12-05T16:21:38+00:00","og_image":[{"url":"http:\/\/vatelier.fr\/wp-content\/uploads\/2020\/11\/20201114_161109.jpg","type":"","width":"","height":""}],"author":"vatelieradmin","twitter_card":"summary_large_image","twitter_misc":{"\u00c9crit par":"vatelieradmin","Dur\u00e9e de lecture estim\u00e9e":"1 minute"},"schema":{"@context":"https:\/\/schema.org","@graph":[{"@type":"Article","@id":"https:\/\/vatelier.fr\/index.php\/2020\/11\/17\/apercu-du-bois-des-fenetres-et-des-isolants-dispo-en-nov-2020\/#article","isPartOf":{"@id":"https:\/\/vatelier.fr\/index.php\/2020\/11\/17\/apercu-du-bois-des-fenetres-et-des-isolants-dispo-en-nov-2020\/"},"author":{"name":"vatelieradmin","@id":"https:\/\/vatelier.fr\/#\/schema\/person\/2af92da0d368454dd50e41745ef10ec5"},"headline":"Aper\u00e7u du bois, des fenetres et des isolants dispo en Dec 2020","datePublished":"2020-11-17T09:57:13+00:00","dateModified":"2020-12-05T16:21:38+00:00","mainEntityOfPage":{"@id":"https:\/\/vatelier.fr\/index.php\/2020\/11\/17\/apercu-du-bois-des-fenetres-et-des-isolants-dispo-en-nov-2020\/"},"wordCount":141,"commentCount":0,"publisher":{"@id":"https:\/\/vatelier.fr\/#organization"},"image":{"@id":"https:\/\/vatelier.fr\/index.php\/2020\/11\/17\/apercu-du-bois-des-fenetres-et-des-isolants-dispo-en-nov-2020\/#primaryimage"},"thumbnailUrl":"http:\/\/vatelier.fr\/wp-content\/uploads\/2020\/11\/20201114_161109.jpg","articleSection":["Actus et Arrivages"],"inLanguage":"fr-FR","potentialAction":[{"@type":"CommentAction","name":"Comment","target":["https:\/\/vatelier.fr\/index.php\/2020\/11\/17\/apercu-du-bois-des-fenetres-et-des-isolants-dispo-en-nov-2020\/#respond"]}]},{"@type":"WebPage","@id":"https:\/\/vatelier.fr\/index.php\/2020\/11\/17\/apercu-du-bois-des-fenetres-et-des-isolants-dispo-en-nov-2020\/","url":"https:\/\/vatelier.fr\/index.php\/2020\/11\/17\/apercu-du-bois-des-fenetres-et-des-isolants-dispo-en-nov-2020\/","name":"Aper\u00e7u du bois, des fenetres et des isolants dispo en Dec 2020 - Valence Atelier Libre","isPartOf":{"@id":"https:\/\/vatelier.fr\/#website"},"primaryImageOfPage":{"@id":"https:\/\/vatelier.fr\/index.php\/2020\/11\/17\/apercu-du-bois-des-fenetres-et-des-isolants-dispo-en-nov-2020\/#primaryimage"},"image":{"@id":"https:\/\/vatelier.fr\/index.php\/2020\/11\/17\/apercu-du-bois-des-fenetres-et-des-isolants-dispo-en-nov-2020\/#primaryimage"},"thumbnailUrl":"http:\/\/vatelier.fr\/wp-content\/uploads\/2020\/11\/20201114_161109.jpg","datePublished":"2020-11-17T09:57:13+00:00","dateModified":"2020-12-05T16:21:38+00:00","breadcrumb":{"@id":"https:\/\/vatelier.fr\/index.php\/2020\/11\/17\/apercu-du-bois-des-fenetres-et-des-isolants-dispo-en-nov-2020\/#breadcrumb"},"inLanguage":"fr-FR","potentialAction":[{"@type":"ReadAction","target":["https:\/\/vatelier.fr\/index.php\/2020\/11\/17\/apercu-du-bois-des-fenetres-et-des-isolants-dispo-en-nov-2020\/"]}]},{"@type":"ImageObject","inLanguage":"fr-FR","@id":"https:\/\/vatelier.fr\/index.php\/2020\/11\/17\/apercu-du-bois-des-fenetres-et-des-isolants-dispo-en-nov-2020\/#primaryimage","url":"https:\/\/vatelier.fr\/wp-content\/uploads\/2020\/11\/20201114_161109.jpg","contentUrl":"https:\/\/vatelier.fr\/wp-content\/uploads\/2020\/11\/20201114_161109.jpg","width":506,"height":900,"caption":"User comments"},{"@type":"BreadcrumbList","@id":"https:\/\/vatelier.fr\/index.php\/2020\/11\/17\/apercu-du-bois-des-fenetres-et-des-isolants-dispo-en-nov-2020\/#breadcrumb","itemListElement":[{"@type":"ListItem","position":1,"name":"Accueil","item":"https:\/\/vatelier.fr\/"},{"@type":"ListItem","position":2,"name":"Aper\u00e7u du bois, des fenetres et des isolants dispo en Dec 2020"}]},{"@type":"WebSite","@id":"https:\/\/vatelier.fr\/#website","url":"https:\/\/vatelier.fr\/","name":"Valence Atelier Libre","description":"Association de partage de savoir-faire","publisher":{"@id":"https:\/\/vatelier.fr\/#organization"},"potentialAction":[{"@type":"SearchAction","target":{"@type":"EntryPoint","urlTemplate":"https:\/\/vatelier.fr\/?s={search_term_string}"},"query-input":{"@type":"PropertyValueSpecification","valueRequired":true,"valueName":"search_term_string"}}],"inLanguage":"fr-FR"},{"@type":"Organization","@id":"https:\/\/vatelier.fr\/#organization","name":"Valence Atelier Libre","url":"https:\/\/vatelier.fr\/","logo":{"@type":"ImageObject","inLanguage":"fr-FR","@id":"https:\/\/vatelier.fr\/#\/schema\/logo\/image\/","url":"http:\/\/vatelier.fr\/wp-content\/uploads\/2016\/02\/logo-jeanne.png","contentUrl":"http:\/\/vatelier.fr\/wp-content\/uploads\/2016\/02\/logo-jeanne.png","width":906,"height":843,"caption":"Valence Atelier Libre"},"image":{"@id":"https:\/\/vatelier.fr\/#\/schema\/logo\/image\/"}},{"@type":"Person","@id":"https:\/\/vatelier.fr\/#\/schema\/person\/2af92da0d368454dd50e41745ef10ec5","name":"vatelieradmin","image":{"@type":"ImageObject","inLanguage":"fr-FR","@id":"https:\/\/secure.gravatar.com\/avatar\/5397e01a6ff535a0fb455d8a868a555e463328ddc2276d22e6c9574f56706782?s=96&d=mm&r=g","url":"https:\/\/secure.gravatar.com\/avatar\/5397e01a6ff535a0fb455d8a868a555e463328ddc2276d22e6c9574f56706782?s=96&d=mm&r=g","contentUrl":"https:\/\/secure.gravatar.com\/avatar\/5397e01a6ff535a0fb455d8a868a555e463328ddc2276d22e6c9574f56706782?s=96&d=mm&r=g","caption":"vatelieradmin"},"url":"https:\/\/vatelier.fr\/index.php\/author\/vatelieradmin\/"}]}},"_links":{"self":[{"href":"https:\/\/vatelier.fr\/index.php\/wp-json\/wp\/v2\/posts\/1645","targetHints":{"allow":["GET"]}}],"collection":[{"href":"https:\/\/vatelier.fr\/index.php\/wp-json\/wp\/v2\/posts"}],"about":[{"href":"https:\/\/vatelier.fr\/index.php\/wp-json\/wp\/v2\/types\/post"}],"author":[{"embeddable":true,"href":"https:\/\/vatelier.fr\/index.php\/wp-json\/wp\/v2\/users\/1"}],"replies":[{"embeddable":true,"href":"https:\/\/vatelier.fr\/index.php\/wp-json\/wp\/v2\/comments?post=1645"}],"version-history":[{"count":3,"href":"https:\/\/vatelier.fr\/index.php\/wp-json\/wp\/v2\/posts\/1645\/revisions"}],"predecessor-version":[{"id":1729,"href":"https:\/\/vatelier.fr\/index.php\/wp-json\/wp\/v2\/posts\/1645\/revisions\/1729"}],"wp:attachment":[{"href":"https:\/\/vatelier.fr\/index.php\/wp-json\/wp\/v2\/media?parent=1645"}],"wp:term":[{"taxonomy":"category","embeddable":true,"href":"https:\/\/vatelier.fr\/index.php\/wp-json\/wp\/v2\/categories?post=1645"},{"taxonomy":"post_tag","embeddable":true,"href":"https:\/\/vatelier.fr\/index.php\/wp-json\/wp\/v2\/tags?post=1645"}],"curies":[{"name":"wp","href":"https:\/\/api.w.org\/{rel}","templated":true}]}}