{"id":1866,"date":"2021-06-14T17:58:25","date_gmt":"2021-06-14T15:58:25","guid":{"rendered":"http:\/\/vatelier.fr\/?p=1866"},"modified":"2021-06-14T17:58:28","modified_gmt":"2021-06-14T15:58:28","slug":"materiaufete-les-3-et-4-juillet","status":"publish","type":"post","link":"https:\/\/vatelier.fr\/index.php\/2021\/06\/14\/materiaufete-les-3-et-4-juillet\/","title":{"rendered":"Mat\u00e9riauf\u00eate les 3 et 4 Juillet"},"content":{"rendered":"\n<p>La troisi\u00e8me \u00e9dition de la mat\u00e9riauf\u00eate va avoir lieu les 3 et 4 juillet dans le champ \u00e0 cot\u00e9 de la mat\u00e9riauth\u00e8que (quartier la charlotte, 26120 Montmeyran)<\/p>\n<p>Le th\u00e8me cette ann\u00e9e : LES DOIGTS DANS LA PRISE ! UNE SOIR\u00c9E BRANCH\u00c9E ! T&rsquo;ES AU COURANT ?&#8230;&#8230;&#8230;. Venez avec vos d\u00e9guisements \u00e9lectriques !<\/p>\n<p><img loading=\"lazy\" decoding=\"async\" class=\"aligncenter size-full wp-image-1867\" src=\"http:\/\/vatelier.fr\/wp-content\/uploads\/2021\/06\/AFFICHE-Mate\u0301riaufe\u0302te-WEB.png\" alt=\"\" width=\"1754\" height=\"2480\" srcset=\"https:\/\/vatelier.fr\/wp-content\/uploads\/2021\/06\/AFFICHE-Mate\u0301riaufe\u0302te-WEB.png 1754w, https:\/\/vatelier.fr\/wp-content\/uploads\/2021\/06\/AFFICHE-Mate\u0301riaufe\u0302te-WEB-212x300.png 212w, https:\/\/vatelier.fr\/wp-content\/uploads\/2021\/06\/AFFICHE-Mate\u0301riaufe\u0302te-WEB-724x1024.png 724w, https:\/\/vatelier.fr\/wp-content\/uploads\/2021\/06\/AFFICHE-Mate\u0301riaufe\u0302te-WEB-768x1086.png 768w, https:\/\/vatelier.fr\/wp-content\/uploads\/2021\/06\/AFFICHE-Mate\u0301riaufe\u0302te-WEB-543x768.png 543w, https:\/\/vatelier.fr\/wp-content\/uploads\/2021\/06\/AFFICHE-Mate\u0301riaufe\u0302te-WEB-1086x1536.png 1086w, https:\/\/vatelier.fr\/wp-content\/uploads\/2021\/06\/AFFICHE-Mate\u0301riaufe\u0302te-WEB-1448x2048.png 1448w, https:\/\/vatelier.fr\/wp-content\/uploads\/2021\/06\/AFFICHE-Mate\u0301riaufe\u0302te-WEB-750x1060.png 750w, https:\/\/vatelier.fr\/wp-content\/uploads\/2021\/06\/AFFICHE-Mate\u0301riaufe\u0302te-WEB-400x566.png 400w, https:\/\/vatelier.fr\/wp-content\/uploads\/2021\/06\/AFFICHE-Mate\u0301riaufe\u0302te-WEB-430x608.png 430w, https:\/\/vatelier.fr\/wp-content\/uploads\/2021\/06\/AFFICHE-Mate\u0301riaufe\u0302te-WEB-150x212.png 150w, https:\/\/vatelier.fr\/wp-content\/uploads\/2021\/06\/AFFICHE-Mate\u0301riaufe\u0302te-WEB-100x141.png 100w\" sizes=\"auto, (max-width: 1754px) 100vw, 1754px\" \/><\/p>\n<p>\u00a0<\/p>\n<p style=\"text-align: center;\"><b>Des stands :<\/b> Caravane postale (la timbr\u00e9e), s\u00e9rigraphie, Friperie, body painting, jeux en bois, tinyland, Les fans de r\u00e9cup, Z\u00e9ro west etc.<\/p>\n<p style=\"text-align: center;\"><b>SAMEDI 3 \/ 14h-01h :<\/b><\/p>\n<p style=\"text-align: center;\">Toute l&rsquo;apr\u00e8s midi : Stand, jeux et visites d\u00e9couvertes\u00a0 !<\/p>\n<p style=\"text-align: center;\">19h Conf\u00e9rence gesticul\u00e9e \u00a0de Tiphaine Ducharme \u00ab\u00a0<a href=\"https:\/\/www.google.com\/url?q=https:\/\/conferences-gesticulees.net\/conferences\/dechets-et-des-hommes\/&amp;sa=D&amp;source=calendar&amp;ust=1624108352373000&amp;usg=AOvVaw1wOT0OEi2rCXqjshn6Rg8T\" target=\"_blank\" rel=\"noopener\">D\u00e9chets et des hommes<\/a>\u00a0\u00bb \/ 21h30 <a href=\"https:\/\/www.google.com\/url?q=https:\/\/cannibalmosquitossurf.bandcamp.com\/album\/surprise-attack-out-of-stock-available-soon&amp;sa=D&amp;source=calendar&amp;ust=1624108352373000&amp;usg=AOvVaw1TPeBC9gGuzznp3aErjB0H\" target=\"_blank\" rel=\"noopener\">Cannibal Moquitos<\/a> (rock surf) \/ 22h30 Jonglages enflamm\u00e9s \/ 23h Suriabonaly (Rock post no\u00efse) \/ 00h DJ<\/p>\n<p style=\"text-align: center;\"><b>DIMANCHE 4 \/ 13h-19h <br \/><\/b><\/p>\n<p style=\"text-align: center;\">14h Sieste sonore \/ 15h Conte de Carole Joffrin \/ 16h Concert de\u00a0Kr\u00e8M Grabuge<\/p>\n<p style=\"text-align: center;\">+ Stand Z\u00e9ro West <\/p>\n<p style=\"text-align: center;\">\u00a0<\/p>\n<p style=\"text-align: center;\">Restauration sur place: Food trucks<\/p>\n<p style=\"text-align: center;\">Entr\u00e9e, bar et activit\u00e9s \u00e0 prix conscient et libre<\/p>\n<p style=\"text-align: center;\"><strong>PAS DE CAMPING SUR PLACE<\/strong><\/p>\n<p style=\"text-align: center;\"><span class=\"JtukPc\"><br \/>Infos : <a href=\"mailto:materiautheque@vatelier.fr\" target=\"_blank\" rel=\"noopener\">materiautheque@vatelier.fr<\/a><\/span><\/p>\n<p>\u00a0<\/p>\n","protected":false},"excerpt":{"rendered":"<p>La troisi\u00e8me \u00e9dition de la mat\u00e9riauf\u00eate va avoir lieu les 3 et 4 juillet dans le champ \u00e0 cot\u00e9 de la mat\u00e9riauth\u00e8que (quartier la charlotte, 26120 Montmeyran) Le th\u00e8me cette [&hellip;]<\/p>\n","protected":false},"author":1,"featured_media":0,"comment_status":"closed","ping_status":"open","sticky":false,"template":"","format":"standard","meta":{"footnotes":""},"categories":[14],"tags":[35,37,38,34,9,33,36],"class_list":["post-1866","post","type-post","status-publish","format-standard","hentry","category-actus-et-arrivages","tag-animation","tag-concert","tag-drome","tag-fete","tag-montmeyran","tag-soiree","tag-spectacles"],"yoast_head":"<!-- This site is optimized with the Yoast SEO plugin v27.5 - https:\/\/yoast.com\/product\/yoast-seo-wordpress\/ -->\n<title>Mat\u00e9riauf\u00eate les 3 et 4 Juillet - Valence Atelier Libre<\/title>\n<meta name=\"robots\" content=\"index, follow, max-snippet:-1, max-image-preview:large, max-video-preview:-1\" \/>\n<link rel=\"canonical\" href=\"http:\/\/vatelier.fr\/index.php\/2021\/06\/14\/materiaufete-les-3-et-4-juillet\/\" \/>\n<meta property=\"og:locale\" content=\"fr_FR\" \/>\n<meta property=\"og:type\" content=\"article\" \/>\n<meta property=\"og:title\" content=\"Mat\u00e9riauf\u00eate les 3 et 4 Juillet - Valence Atelier Libre\" \/>\n<meta property=\"og:description\" content=\"La troisi\u00e8me \u00e9dition de la mat\u00e9riauf\u00eate va avoir lieu les 3 et 4 juillet dans le champ \u00e0 cot\u00e9 de la mat\u00e9riauth\u00e8que (quartier la charlotte, 26120 Montmeyran) Le th\u00e8me cette [&hellip;]\" \/>\n<meta property=\"og:url\" content=\"http:\/\/vatelier.fr\/index.php\/2021\/06\/14\/materiaufete-les-3-et-4-juillet\/\" \/>\n<meta property=\"og:site_name\" content=\"Valence Atelier Libre\" \/>\n<meta property=\"article:published_time\" content=\"2021-06-14T15:58:25+00:00\" \/>\n<meta property=\"article:modified_time\" content=\"2021-06-14T15:58:28+00:00\" \/>\n<meta name=\"author\" content=\"vatelieradmin\" \/>\n<meta name=\"twitter:card\" content=\"summary_large_image\" \/>\n<meta name=\"twitter:label1\" content=\"\u00c9crit par\" \/>\n\t<meta name=\"twitter:data1\" content=\"vatelieradmin\" \/>\n\t<meta name=\"twitter:label2\" content=\"Dur\u00e9e de lecture estim\u00e9e\" \/>\n\t<meta name=\"twitter:data2\" content=\"1 minute\" \/>\n<script type=\"application\/ld+json\" class=\"yoast-schema-graph\">{\"@context\":\"https:\\\/\\\/schema.org\",\"@graph\":[{\"@type\":\"Article\",\"@id\":\"http:\\\/\\\/vatelier.fr\\\/index.php\\\/2021\\\/06\\\/14\\\/materiaufete-les-3-et-4-juillet\\\/#article\",\"isPartOf\":{\"@id\":\"http:\\\/\\\/vatelier.fr\\\/index.php\\\/2021\\\/06\\\/14\\\/materiaufete-les-3-et-4-juillet\\\/\"},\"author\":{\"name\":\"vatelieradmin\",\"@id\":\"https:\\\/\\\/vatelier.fr\\\/#\\\/schema\\\/person\\\/2af92da0d368454dd50e41745ef10ec5\"},\"headline\":\"Mat\u00e9riauf\u00eate les 3 et 4 Juillet\",\"datePublished\":\"2021-06-14T15:58:25+00:00\",\"dateModified\":\"2021-06-14T15:58:28+00:00\",\"mainEntityOfPage\":{\"@id\":\"http:\\\/\\\/vatelier.fr\\\/index.php\\\/2021\\\/06\\\/14\\\/materiaufete-les-3-et-4-juillet\\\/\"},\"wordCount\":174,\"publisher\":{\"@id\":\"https:\\\/\\\/vatelier.fr\\\/#organization\"},\"keywords\":[\"animation\",\"concert\",\"dr\u00f4me\",\"f\u00eate\",\"montmeyran\",\"soir\u00e9e\",\"spectacles\"],\"articleSection\":[\"Actus et Arrivages\"],\"inLanguage\":\"fr-FR\"},{\"@type\":\"WebPage\",\"@id\":\"http:\\\/\\\/vatelier.fr\\\/index.php\\\/2021\\\/06\\\/14\\\/materiaufete-les-3-et-4-juillet\\\/\",\"url\":\"http:\\\/\\\/vatelier.fr\\\/index.php\\\/2021\\\/06\\\/14\\\/materiaufete-les-3-et-4-juillet\\\/\",\"name\":\"Mat\u00e9riauf\u00eate les 3 et 4 Juillet - Valence Atelier Libre\",\"isPartOf\":{\"@id\":\"https:\\\/\\\/vatelier.fr\\\/#website\"},\"datePublished\":\"2021-06-14T15:58:25+00:00\",\"dateModified\":\"2021-06-14T15:58:28+00:00\",\"breadcrumb\":{\"@id\":\"http:\\\/\\\/vatelier.fr\\\/index.php\\\/2021\\\/06\\\/14\\\/materiaufete-les-3-et-4-juillet\\\/#breadcrumb\"},\"inLanguage\":\"fr-FR\",\"potentialAction\":[{\"@type\":\"ReadAction\",\"target\":[\"http:\\\/\\\/vatelier.fr\\\/index.php\\\/2021\\\/06\\\/14\\\/materiaufete-les-3-et-4-juillet\\\/\"]}]},{\"@type\":\"BreadcrumbList\",\"@id\":\"http:\\\/\\\/vatelier.fr\\\/index.php\\\/2021\\\/06\\\/14\\\/materiaufete-les-3-et-4-juillet\\\/#breadcrumb\",\"itemListElement\":[{\"@type\":\"ListItem\",\"position\":1,\"name\":\"Accueil\",\"item\":\"https:\\\/\\\/vatelier.fr\\\/\"},{\"@type\":\"ListItem\",\"position\":2,\"name\":\"Mat\u00e9riauf\u00eate les 3 et 4 Juillet\"}]},{\"@type\":\"WebSite\",\"@id\":\"https:\\\/\\\/vatelier.fr\\\/#website\",\"url\":\"https:\\\/\\\/vatelier.fr\\\/\",\"name\":\"Valence Atelier Libre\",\"description\":\"Association de partage de savoir-faire\",\"publisher\":{\"@id\":\"https:\\\/\\\/vatelier.fr\\\/#organization\"},\"potentialAction\":[{\"@type\":\"SearchAction\",\"target\":{\"@type\":\"EntryPoint\",\"urlTemplate\":\"https:\\\/\\\/vatelier.fr\\\/?s={search_term_string}\"},\"query-input\":{\"@type\":\"PropertyValueSpecification\",\"valueRequired\":true,\"valueName\":\"search_term_string\"}}],\"inLanguage\":\"fr-FR\"},{\"@type\":\"Organization\",\"@id\":\"https:\\\/\\\/vatelier.fr\\\/#organization\",\"name\":\"Valence Atelier Libre\",\"url\":\"https:\\\/\\\/vatelier.fr\\\/\",\"logo\":{\"@type\":\"ImageObject\",\"inLanguage\":\"fr-FR\",\"@id\":\"https:\\\/\\\/vatelier.fr\\\/#\\\/schema\\\/logo\\\/image\\\/\",\"url\":\"http:\\\/\\\/vatelier.fr\\\/wp-content\\\/uploads\\\/2016\\\/02\\\/logo-jeanne.png\",\"contentUrl\":\"http:\\\/\\\/vatelier.fr\\\/wp-content\\\/uploads\\\/2016\\\/02\\\/logo-jeanne.png\",\"width\":906,\"height\":843,\"caption\":\"Valence Atelier Libre\"},\"image\":{\"@id\":\"https:\\\/\\\/vatelier.fr\\\/#\\\/schema\\\/logo\\\/image\\\/\"}},{\"@type\":\"Person\",\"@id\":\"https:\\\/\\\/vatelier.fr\\\/#\\\/schema\\\/person\\\/2af92da0d368454dd50e41745ef10ec5\",\"name\":\"vatelieradmin\",\"image\":{\"@type\":\"ImageObject\",\"inLanguage\":\"fr-FR\",\"@id\":\"https:\\\/\\\/secure.gravatar.com\\\/avatar\\\/5397e01a6ff535a0fb455d8a868a555e463328ddc2276d22e6c9574f56706782?s=96&d=mm&r=g\",\"url\":\"https:\\\/\\\/secure.gravatar.com\\\/avatar\\\/5397e01a6ff535a0fb455d8a868a555e463328ddc2276d22e6c9574f56706782?s=96&d=mm&r=g\",\"contentUrl\":\"https:\\\/\\\/secure.gravatar.com\\\/avatar\\\/5397e01a6ff535a0fb455d8a868a555e463328ddc2276d22e6c9574f56706782?s=96&d=mm&r=g\",\"caption\":\"vatelieradmin\"},\"url\":\"https:\\\/\\\/vatelier.fr\\\/index.php\\\/author\\\/vatelieradmin\\\/\"}]}<\/script>\n<!-- \/ Yoast SEO plugin. -->","yoast_head_json":{"title":"Mat\u00e9riauf\u00eate les 3 et 4 Juillet - Valence Atelier Libre","robots":{"index":"index","follow":"follow","max-snippet":"max-snippet:-1","max-image-preview":"max-image-preview:large","max-video-preview":"max-video-preview:-1"},"canonical":"http:\/\/vatelier.fr\/index.php\/2021\/06\/14\/materiaufete-les-3-et-4-juillet\/","og_locale":"fr_FR","og_type":"article","og_title":"Mat\u00e9riauf\u00eate les 3 et 4 Juillet - Valence Atelier Libre","og_description":"La troisi\u00e8me \u00e9dition de la mat\u00e9riauf\u00eate va avoir lieu les 3 et 4 juillet dans le champ \u00e0 cot\u00e9 de la mat\u00e9riauth\u00e8que (quartier la charlotte, 26120 Montmeyran) Le th\u00e8me cette [&hellip;]","og_url":"http:\/\/vatelier.fr\/index.php\/2021\/06\/14\/materiaufete-les-3-et-4-juillet\/","og_site_name":"Valence Atelier Libre","article_published_time":"2021-06-14T15:58:25+00:00","article_modified_time":"2021-06-14T15:58:28+00:00","author":"vatelieradmin","twitter_card":"summary_large_image","twitter_misc":{"\u00c9crit par":"vatelieradmin","Dur\u00e9e de lecture estim\u00e9e":"1 minute"},"schema":{"@context":"https:\/\/schema.org","@graph":[{"@type":"Article","@id":"http:\/\/vatelier.fr\/index.php\/2021\/06\/14\/materiaufete-les-3-et-4-juillet\/#article","isPartOf":{"@id":"http:\/\/vatelier.fr\/index.php\/2021\/06\/14\/materiaufete-les-3-et-4-juillet\/"},"author":{"name":"vatelieradmin","@id":"https:\/\/vatelier.fr\/#\/schema\/person\/2af92da0d368454dd50e41745ef10ec5"},"headline":"Mat\u00e9riauf\u00eate les 3 et 4 Juillet","datePublished":"2021-06-14T15:58:25+00:00","dateModified":"2021-06-14T15:58:28+00:00","mainEntityOfPage":{"@id":"http:\/\/vatelier.fr\/index.php\/2021\/06\/14\/materiaufete-les-3-et-4-juillet\/"},"wordCount":174,"publisher":{"@id":"https:\/\/vatelier.fr\/#organization"},"keywords":["animation","concert","dr\u00f4me","f\u00eate","montmeyran","soir\u00e9e","spectacles"],"articleSection":["Actus et Arrivages"],"inLanguage":"fr-FR"},{"@type":"WebPage","@id":"http:\/\/vatelier.fr\/index.php\/2021\/06\/14\/materiaufete-les-3-et-4-juillet\/","url":"http:\/\/vatelier.fr\/index.php\/2021\/06\/14\/materiaufete-les-3-et-4-juillet\/","name":"Mat\u00e9riauf\u00eate les 3 et 4 Juillet - Valence Atelier Libre","isPartOf":{"@id":"https:\/\/vatelier.fr\/#website"},"datePublished":"2021-06-14T15:58:25+00:00","dateModified":"2021-06-14T15:58:28+00:00","breadcrumb":{"@id":"http:\/\/vatelier.fr\/index.php\/2021\/06\/14\/materiaufete-les-3-et-4-juillet\/#breadcrumb"},"inLanguage":"fr-FR","potentialAction":[{"@type":"ReadAction","target":["http:\/\/vatelier.fr\/index.php\/2021\/06\/14\/materiaufete-les-3-et-4-juillet\/"]}]},{"@type":"BreadcrumbList","@id":"http:\/\/vatelier.fr\/index.php\/2021\/06\/14\/materiaufete-les-3-et-4-juillet\/#breadcrumb","itemListElement":[{"@type":"ListItem","position":1,"name":"Accueil","item":"https:\/\/vatelier.fr\/"},{"@type":"ListItem","position":2,"name":"Mat\u00e9riauf\u00eate les 3 et 4 Juillet"}]},{"@type":"WebSite","@id":"https:\/\/vatelier.fr\/#website","url":"https:\/\/vatelier.fr\/","name":"Valence Atelier Libre","description":"Association de partage de savoir-faire","publisher":{"@id":"https:\/\/vatelier.fr\/#organization"},"potentialAction":[{"@type":"SearchAction","target":{"@type":"EntryPoint","urlTemplate":"https:\/\/vatelier.fr\/?s={search_term_string}"},"query-input":{"@type":"PropertyValueSpecification","valueRequired":true,"valueName":"search_term_string"}}],"inLanguage":"fr-FR"},{"@type":"Organization","@id":"https:\/\/vatelier.fr\/#organization","name":"Valence Atelier Libre","url":"https:\/\/vatelier.fr\/","logo":{"@type":"ImageObject","inLanguage":"fr-FR","@id":"https:\/\/vatelier.fr\/#\/schema\/logo\/image\/","url":"http:\/\/vatelier.fr\/wp-content\/uploads\/2016\/02\/logo-jeanne.png","contentUrl":"http:\/\/vatelier.fr\/wp-content\/uploads\/2016\/02\/logo-jeanne.png","width":906,"height":843,"caption":"Valence Atelier Libre"},"image":{"@id":"https:\/\/vatelier.fr\/#\/schema\/logo\/image\/"}},{"@type":"Person","@id":"https:\/\/vatelier.fr\/#\/schema\/person\/2af92da0d368454dd50e41745ef10ec5","name":"vatelieradmin","image":{"@type":"ImageObject","inLanguage":"fr-FR","@id":"https:\/\/secure.gravatar.com\/avatar\/5397e01a6ff535a0fb455d8a868a555e463328ddc2276d22e6c9574f56706782?s=96&d=mm&r=g","url":"https:\/\/secure.gravatar.com\/avatar\/5397e01a6ff535a0fb455d8a868a555e463328ddc2276d22e6c9574f56706782?s=96&d=mm&r=g","contentUrl":"https:\/\/secure.gravatar.com\/avatar\/5397e01a6ff535a0fb455d8a868a555e463328ddc2276d22e6c9574f56706782?s=96&d=mm&r=g","caption":"vatelieradmin"},"url":"https:\/\/vatelier.fr\/index.php\/author\/vatelieradmin\/"}]}},"_links":{"self":[{"href":"https:\/\/vatelier.fr\/index.php\/wp-json\/wp\/v2\/posts\/1866","targetHints":{"allow":["GET"]}}],"collection":[{"href":"https:\/\/vatelier.fr\/index.php\/wp-json\/wp\/v2\/posts"}],"about":[{"href":"https:\/\/vatelier.fr\/index.php\/wp-json\/wp\/v2\/types\/post"}],"author":[{"embeddable":true,"href":"https:\/\/vatelier.fr\/index.php\/wp-json\/wp\/v2\/users\/1"}],"replies":[{"embeddable":true,"href":"https:\/\/vatelier.fr\/index.php\/wp-json\/wp\/v2\/comments?post=1866"}],"version-history":[{"count":1,"href":"https:\/\/vatelier.fr\/index.php\/wp-json\/wp\/v2\/posts\/1866\/revisions"}],"predecessor-version":[{"id":1868,"href":"https:\/\/vatelier.fr\/index.php\/wp-json\/wp\/v2\/posts\/1866\/revisions\/1868"}],"wp:attachment":[{"href":"https:\/\/vatelier.fr\/index.php\/wp-json\/wp\/v2\/media?parent=1866"}],"wp:term":[{"taxonomy":"category","embeddable":true,"href":"https:\/\/vatelier.fr\/index.php\/wp-json\/wp\/v2\/categories?post=1866"},{"taxonomy":"post_tag","embeddable":true,"href":"https:\/\/vatelier.fr\/index.php\/wp-json\/wp\/v2\/tags?post=1866"}],"curies":[{"name":"wp","href":"https:\/\/api.w.org\/{rel}","templated":true}]}}