{"id":2023,"date":"2022-01-22T15:36:09","date_gmt":"2022-01-22T13:36:09","guid":{"rendered":"http:\/\/vatelier.fr\/?p=2023"},"modified":"2022-01-22T15:36:11","modified_gmt":"2022-01-22T13:36:11","slug":"le-valence-atelier-libre-realise-et-diffuse-ses-propres-emissions-de-radio-sur-radio-blv","status":"publish","type":"post","link":"https:\/\/vatelier.fr\/index.php\/2022\/01\/22\/le-valence-atelier-libre-realise-et-diffuse-ses-propres-emissions-de-radio-sur-radio-blv\/","title":{"rendered":"Le Valence Atelier libre r\u00e9alise et diffuse ses propres \u00e9missions de radio sur Radio BLV !"},"content":{"rendered":"\n<p>Ca y est nous diffusons nos propres \u00e9missions radio r\u00e9alis\u00e9es avec et par les adh\u00e9rent.e.s de l&rsquo;association !<\/p>\n<p><img loading=\"lazy\" decoding=\"async\" class=\"aligncenter size-full wp-image-2024\" src=\"http:\/\/vatelier.fr\/wp-content\/uploads\/2022\/01\/logo-BDA.png\" alt=\"\" width=\"906\" height=\"843\" srcset=\"https:\/\/vatelier.fr\/wp-content\/uploads\/2022\/01\/logo-BDA.png 906w, https:\/\/vatelier.fr\/wp-content\/uploads\/2022\/01\/logo-BDA-300x279.png 300w, https:\/\/vatelier.fr\/wp-content\/uploads\/2022\/01\/logo-BDA-768x715.png 768w, https:\/\/vatelier.fr\/wp-content\/uploads\/2022\/01\/logo-BDA-750x698.png 750w, https:\/\/vatelier.fr\/wp-content\/uploads\/2022\/01\/logo-BDA-400x372.png 400w, https:\/\/vatelier.fr\/wp-content\/uploads\/2022\/01\/logo-BDA-430x400.png 430w, https:\/\/vatelier.fr\/wp-content\/uploads\/2022\/01\/logo-BDA-150x140.png 150w, https:\/\/vatelier.fr\/wp-content\/uploads\/2022\/01\/logo-BDA-100x93.png 100w\" sizes=\"auto, (max-width: 906px) 100vw, 906px\" \/><\/p>\n<h2 style=\"text-align: center;\">Un grand merci \u00e0 <a href=\"https:\/\/www.radioblv.com\/\">RADIO BLV<\/a> qui nous ouvre ses ondes locales pour diffuser notre \u00e9mission. Ecoutez le 93.6MHz !!!<\/h2>\n<p><strong>Diffusion :<\/strong> lundi 12h15 et samedi 10h15 (les 15 derniers jours du mois)<\/p>\n<p><strong>Descriptif de l&rsquo;\u00e9mission :<\/strong><\/p>\n<p>Mais que se passe-t-il donc dans l\u2019association Valence Atelier Libre ?\u00a0 L\u2019\u00e9mission \u201cLes bruits de l\u2019atelier\u201d donne la parole aux adh\u00e9rent.e.s, invit\u00e9.e.s et curieux.ses de passage au Valence Atelier Libre . Cette \u00e9mission ouvre une petite lucarne auditive sur l\u2019atelier et la mat\u00e9riauth\u00e8que de l\u2019association, pour vous parler des activit\u00e9s de celles et ceux qui mettent la main \u00e0 la p\u00e2te (et au p\u00e2t\u00e9) mais aussi et surtout, pour vous partager leur amour de la fabrication, du bricolage et du r\u00e9-emploi de mat\u00e9riaux. Ils y d\u00e9voilent aussi leurs parcours de vie et leurs exp\u00e9rimentations pour faire les choses autrement.<\/p>\n<p>\u00a0<\/p>\n<p>Ecouter les podcasts de l&rsquo;\u00e9mission : https:\/\/www.radioblv.com\/work\/les-bruits-de-latelier\/<\/p>\n","protected":false},"excerpt":{"rendered":"<p>Ca y est nous diffusons nos propres \u00e9missions radio r\u00e9alis\u00e9es avec et par les adh\u00e9rent.e.s de l&rsquo;association ! Un grand merci \u00e0 RADIO BLV qui nous ouvre ses ondes locales [&hellip;]<\/p>\n","protected":false},"author":1,"featured_media":0,"comment_status":"closed","ping_status":"open","sticky":false,"template":"","format":"standard","meta":{"footnotes":""},"categories":[14,15],"tags":[],"class_list":["post-2023","post","type-post","status-publish","format-standard","hentry","category-actus-et-arrivages","category-medias"],"yoast_head":"<!-- This site is optimized with the Yoast SEO plugin v27.5 - https:\/\/yoast.com\/product\/yoast-seo-wordpress\/ -->\n<title>Le Valence Atelier libre r\u00e9alise et diffuse ses propres \u00e9missions de radio sur Radio BLV ! - Valence Atelier Libre<\/title>\n<meta name=\"robots\" content=\"index, follow, max-snippet:-1, max-image-preview:large, max-video-preview:-1\" \/>\n<link rel=\"canonical\" href=\"https:\/\/vatelier.fr\/index.php\/2022\/01\/22\/le-valence-atelier-libre-realise-et-diffuse-ses-propres-emissions-de-radio-sur-radio-blv\/\" \/>\n<meta property=\"og:locale\" content=\"fr_FR\" \/>\n<meta property=\"og:type\" content=\"article\" \/>\n<meta property=\"og:title\" content=\"Le Valence Atelier libre r\u00e9alise et diffuse ses propres \u00e9missions de radio sur Radio BLV ! - Valence Atelier Libre\" \/>\n<meta property=\"og:description\" content=\"Ca y est nous diffusons nos propres \u00e9missions radio r\u00e9alis\u00e9es avec et par les adh\u00e9rent.e.s de l&rsquo;association ! Un grand merci \u00e0 RADIO BLV qui nous ouvre ses ondes locales [&hellip;]\" \/>\n<meta property=\"og:url\" content=\"https:\/\/vatelier.fr\/index.php\/2022\/01\/22\/le-valence-atelier-libre-realise-et-diffuse-ses-propres-emissions-de-radio-sur-radio-blv\/\" \/>\n<meta property=\"og:site_name\" content=\"Valence Atelier Libre\" \/>\n<meta property=\"article:published_time\" content=\"2022-01-22T13:36:09+00:00\" \/>\n<meta property=\"article:modified_time\" content=\"2022-01-22T13:36:11+00:00\" \/>\n<meta property=\"og:image\" content=\"http:\/\/vatelier.fr\/wp-content\/uploads\/2022\/01\/logo-BDA.png\" \/>\n<meta name=\"author\" content=\"vatelieradmin\" \/>\n<meta name=\"twitter:card\" content=\"summary_large_image\" \/>\n<meta name=\"twitter:label1\" content=\"\u00c9crit par\" \/>\n\t<meta name=\"twitter:data1\" content=\"vatelieradmin\" \/>\n\t<meta name=\"twitter:label2\" content=\"Dur\u00e9e de lecture estim\u00e9e\" \/>\n\t<meta name=\"twitter:data2\" content=\"1 minute\" \/>\n<script type=\"application\/ld+json\" class=\"yoast-schema-graph\">{\"@context\":\"https:\\\/\\\/schema.org\",\"@graph\":[{\"@type\":\"Article\",\"@id\":\"https:\\\/\\\/vatelier.fr\\\/index.php\\\/2022\\\/01\\\/22\\\/le-valence-atelier-libre-realise-et-diffuse-ses-propres-emissions-de-radio-sur-radio-blv\\\/#article\",\"isPartOf\":{\"@id\":\"https:\\\/\\\/vatelier.fr\\\/index.php\\\/2022\\\/01\\\/22\\\/le-valence-atelier-libre-realise-et-diffuse-ses-propres-emissions-de-radio-sur-radio-blv\\\/\"},\"author\":{\"name\":\"vatelieradmin\",\"@id\":\"https:\\\/\\\/vatelier.fr\\\/#\\\/schema\\\/person\\\/2af92da0d368454dd50e41745ef10ec5\"},\"headline\":\"Le Valence Atelier libre r\u00e9alise et diffuse ses propres \u00e9missions de radio sur Radio BLV !\",\"datePublished\":\"2022-01-22T13:36:09+00:00\",\"dateModified\":\"2022-01-22T13:36:11+00:00\",\"mainEntityOfPage\":{\"@id\":\"https:\\\/\\\/vatelier.fr\\\/index.php\\\/2022\\\/01\\\/22\\\/le-valence-atelier-libre-realise-et-diffuse-ses-propres-emissions-de-radio-sur-radio-blv\\\/\"},\"wordCount\":200,\"publisher\":{\"@id\":\"https:\\\/\\\/vatelier.fr\\\/#organization\"},\"image\":{\"@id\":\"https:\\\/\\\/vatelier.fr\\\/index.php\\\/2022\\\/01\\\/22\\\/le-valence-atelier-libre-realise-et-diffuse-ses-propres-emissions-de-radio-sur-radio-blv\\\/#primaryimage\"},\"thumbnailUrl\":\"http:\\\/\\\/vatelier.fr\\\/wp-content\\\/uploads\\\/2022\\\/01\\\/logo-BDA.png\",\"articleSection\":[\"Actus et Arrivages\",\"M\u00e9dias\"],\"inLanguage\":\"fr-FR\"},{\"@type\":\"WebPage\",\"@id\":\"https:\\\/\\\/vatelier.fr\\\/index.php\\\/2022\\\/01\\\/22\\\/le-valence-atelier-libre-realise-et-diffuse-ses-propres-emissions-de-radio-sur-radio-blv\\\/\",\"url\":\"https:\\\/\\\/vatelier.fr\\\/index.php\\\/2022\\\/01\\\/22\\\/le-valence-atelier-libre-realise-et-diffuse-ses-propres-emissions-de-radio-sur-radio-blv\\\/\",\"name\":\"Le Valence Atelier libre r\u00e9alise et diffuse ses propres \u00e9missions de radio sur Radio BLV ! - Valence Atelier Libre\",\"isPartOf\":{\"@id\":\"https:\\\/\\\/vatelier.fr\\\/#website\"},\"primaryImageOfPage\":{\"@id\":\"https:\\\/\\\/vatelier.fr\\\/index.php\\\/2022\\\/01\\\/22\\\/le-valence-atelier-libre-realise-et-diffuse-ses-propres-emissions-de-radio-sur-radio-blv\\\/#primaryimage\"},\"image\":{\"@id\":\"https:\\\/\\\/vatelier.fr\\\/index.php\\\/2022\\\/01\\\/22\\\/le-valence-atelier-libre-realise-et-diffuse-ses-propres-emissions-de-radio-sur-radio-blv\\\/#primaryimage\"},\"thumbnailUrl\":\"http:\\\/\\\/vatelier.fr\\\/wp-content\\\/uploads\\\/2022\\\/01\\\/logo-BDA.png\",\"datePublished\":\"2022-01-22T13:36:09+00:00\",\"dateModified\":\"2022-01-22T13:36:11+00:00\",\"breadcrumb\":{\"@id\":\"https:\\\/\\\/vatelier.fr\\\/index.php\\\/2022\\\/01\\\/22\\\/le-valence-atelier-libre-realise-et-diffuse-ses-propres-emissions-de-radio-sur-radio-blv\\\/#breadcrumb\"},\"inLanguage\":\"fr-FR\",\"potentialAction\":[{\"@type\":\"ReadAction\",\"target\":[\"https:\\\/\\\/vatelier.fr\\\/index.php\\\/2022\\\/01\\\/22\\\/le-valence-atelier-libre-realise-et-diffuse-ses-propres-emissions-de-radio-sur-radio-blv\\\/\"]}]},{\"@type\":\"ImageObject\",\"inLanguage\":\"fr-FR\",\"@id\":\"https:\\\/\\\/vatelier.fr\\\/index.php\\\/2022\\\/01\\\/22\\\/le-valence-atelier-libre-realise-et-diffuse-ses-propres-emissions-de-radio-sur-radio-blv\\\/#primaryimage\",\"url\":\"https:\\\/\\\/vatelier.fr\\\/wp-content\\\/uploads\\\/2022\\\/01\\\/logo-BDA.png\",\"contentUrl\":\"https:\\\/\\\/vatelier.fr\\\/wp-content\\\/uploads\\\/2022\\\/01\\\/logo-BDA.png\",\"width\":906,\"height\":843},{\"@type\":\"BreadcrumbList\",\"@id\":\"https:\\\/\\\/vatelier.fr\\\/index.php\\\/2022\\\/01\\\/22\\\/le-valence-atelier-libre-realise-et-diffuse-ses-propres-emissions-de-radio-sur-radio-blv\\\/#breadcrumb\",\"itemListElement\":[{\"@type\":\"ListItem\",\"position\":1,\"name\":\"Accueil\",\"item\":\"https:\\\/\\\/vatelier.fr\\\/\"},{\"@type\":\"ListItem\",\"position\":2,\"name\":\"Le Valence Atelier libre r\u00e9alise et diffuse ses propres \u00e9missions de radio sur Radio BLV !\"}]},{\"@type\":\"WebSite\",\"@id\":\"https:\\\/\\\/vatelier.fr\\\/#website\",\"url\":\"https:\\\/\\\/vatelier.fr\\\/\",\"name\":\"Valence Atelier Libre\",\"description\":\"Association de partage de savoir-faire\",\"publisher\":{\"@id\":\"https:\\\/\\\/vatelier.fr\\\/#organization\"},\"potentialAction\":[{\"@type\":\"SearchAction\",\"target\":{\"@type\":\"EntryPoint\",\"urlTemplate\":\"https:\\\/\\\/vatelier.fr\\\/?s={search_term_string}\"},\"query-input\":{\"@type\":\"PropertyValueSpecification\",\"valueRequired\":true,\"valueName\":\"search_term_string\"}}],\"inLanguage\":\"fr-FR\"},{\"@type\":\"Organization\",\"@id\":\"https:\\\/\\\/vatelier.fr\\\/#organization\",\"name\":\"Valence Atelier Libre\",\"url\":\"https:\\\/\\\/vatelier.fr\\\/\",\"logo\":{\"@type\":\"ImageObject\",\"inLanguage\":\"fr-FR\",\"@id\":\"https:\\\/\\\/vatelier.fr\\\/#\\\/schema\\\/logo\\\/image\\\/\",\"url\":\"http:\\\/\\\/vatelier.fr\\\/wp-content\\\/uploads\\\/2016\\\/02\\\/logo-jeanne.png\",\"contentUrl\":\"http:\\\/\\\/vatelier.fr\\\/wp-content\\\/uploads\\\/2016\\\/02\\\/logo-jeanne.png\",\"width\":906,\"height\":843,\"caption\":\"Valence Atelier Libre\"},\"image\":{\"@id\":\"https:\\\/\\\/vatelier.fr\\\/#\\\/schema\\\/logo\\\/image\\\/\"}},{\"@type\":\"Person\",\"@id\":\"https:\\\/\\\/vatelier.fr\\\/#\\\/schema\\\/person\\\/2af92da0d368454dd50e41745ef10ec5\",\"name\":\"vatelieradmin\",\"image\":{\"@type\":\"ImageObject\",\"inLanguage\":\"fr-FR\",\"@id\":\"https:\\\/\\\/secure.gravatar.com\\\/avatar\\\/5397e01a6ff535a0fb455d8a868a555e463328ddc2276d22e6c9574f56706782?s=96&d=mm&r=g\",\"url\":\"https:\\\/\\\/secure.gravatar.com\\\/avatar\\\/5397e01a6ff535a0fb455d8a868a555e463328ddc2276d22e6c9574f56706782?s=96&d=mm&r=g\",\"contentUrl\":\"https:\\\/\\\/secure.gravatar.com\\\/avatar\\\/5397e01a6ff535a0fb455d8a868a555e463328ddc2276d22e6c9574f56706782?s=96&d=mm&r=g\",\"caption\":\"vatelieradmin\"},\"url\":\"https:\\\/\\\/vatelier.fr\\\/index.php\\\/author\\\/vatelieradmin\\\/\"}]}<\/script>\n<!-- \/ Yoast SEO plugin. -->","yoast_head_json":{"title":"Le Valence Atelier libre r\u00e9alise et diffuse ses propres \u00e9missions de radio sur Radio BLV ! - Valence Atelier Libre","robots":{"index":"index","follow":"follow","max-snippet":"max-snippet:-1","max-image-preview":"max-image-preview:large","max-video-preview":"max-video-preview:-1"},"canonical":"https:\/\/vatelier.fr\/index.php\/2022\/01\/22\/le-valence-atelier-libre-realise-et-diffuse-ses-propres-emissions-de-radio-sur-radio-blv\/","og_locale":"fr_FR","og_type":"article","og_title":"Le Valence Atelier libre r\u00e9alise et diffuse ses propres \u00e9missions de radio sur Radio BLV ! - Valence Atelier Libre","og_description":"Ca y est nous diffusons nos propres \u00e9missions radio r\u00e9alis\u00e9es avec et par les adh\u00e9rent.e.s de l&rsquo;association ! Un grand merci \u00e0 RADIO BLV qui nous ouvre ses ondes locales [&hellip;]","og_url":"https:\/\/vatelier.fr\/index.php\/2022\/01\/22\/le-valence-atelier-libre-realise-et-diffuse-ses-propres-emissions-de-radio-sur-radio-blv\/","og_site_name":"Valence Atelier Libre","article_published_time":"2022-01-22T13:36:09+00:00","article_modified_time":"2022-01-22T13:36:11+00:00","og_image":[{"url":"http:\/\/vatelier.fr\/wp-content\/uploads\/2022\/01\/logo-BDA.png","type":"","width":"","height":""}],"author":"vatelieradmin","twitter_card":"summary_large_image","twitter_misc":{"\u00c9crit par":"vatelieradmin","Dur\u00e9e de lecture estim\u00e9e":"1 minute"},"schema":{"@context":"https:\/\/schema.org","@graph":[{"@type":"Article","@id":"https:\/\/vatelier.fr\/index.php\/2022\/01\/22\/le-valence-atelier-libre-realise-et-diffuse-ses-propres-emissions-de-radio-sur-radio-blv\/#article","isPartOf":{"@id":"https:\/\/vatelier.fr\/index.php\/2022\/01\/22\/le-valence-atelier-libre-realise-et-diffuse-ses-propres-emissions-de-radio-sur-radio-blv\/"},"author":{"name":"vatelieradmin","@id":"https:\/\/vatelier.fr\/#\/schema\/person\/2af92da0d368454dd50e41745ef10ec5"},"headline":"Le Valence Atelier libre r\u00e9alise et diffuse ses propres \u00e9missions de radio sur Radio BLV !","datePublished":"2022-01-22T13:36:09+00:00","dateModified":"2022-01-22T13:36:11+00:00","mainEntityOfPage":{"@id":"https:\/\/vatelier.fr\/index.php\/2022\/01\/22\/le-valence-atelier-libre-realise-et-diffuse-ses-propres-emissions-de-radio-sur-radio-blv\/"},"wordCount":200,"publisher":{"@id":"https:\/\/vatelier.fr\/#organization"},"image":{"@id":"https:\/\/vatelier.fr\/index.php\/2022\/01\/22\/le-valence-atelier-libre-realise-et-diffuse-ses-propres-emissions-de-radio-sur-radio-blv\/#primaryimage"},"thumbnailUrl":"http:\/\/vatelier.fr\/wp-content\/uploads\/2022\/01\/logo-BDA.png","articleSection":["Actus et Arrivages","M\u00e9dias"],"inLanguage":"fr-FR"},{"@type":"WebPage","@id":"https:\/\/vatelier.fr\/index.php\/2022\/01\/22\/le-valence-atelier-libre-realise-et-diffuse-ses-propres-emissions-de-radio-sur-radio-blv\/","url":"https:\/\/vatelier.fr\/index.php\/2022\/01\/22\/le-valence-atelier-libre-realise-et-diffuse-ses-propres-emissions-de-radio-sur-radio-blv\/","name":"Le Valence Atelier libre r\u00e9alise et diffuse ses propres \u00e9missions de radio sur Radio BLV ! - Valence Atelier Libre","isPartOf":{"@id":"https:\/\/vatelier.fr\/#website"},"primaryImageOfPage":{"@id":"https:\/\/vatelier.fr\/index.php\/2022\/01\/22\/le-valence-atelier-libre-realise-et-diffuse-ses-propres-emissions-de-radio-sur-radio-blv\/#primaryimage"},"image":{"@id":"https:\/\/vatelier.fr\/index.php\/2022\/01\/22\/le-valence-atelier-libre-realise-et-diffuse-ses-propres-emissions-de-radio-sur-radio-blv\/#primaryimage"},"thumbnailUrl":"http:\/\/vatelier.fr\/wp-content\/uploads\/2022\/01\/logo-BDA.png","datePublished":"2022-01-22T13:36:09+00:00","dateModified":"2022-01-22T13:36:11+00:00","breadcrumb":{"@id":"https:\/\/vatelier.fr\/index.php\/2022\/01\/22\/le-valence-atelier-libre-realise-et-diffuse-ses-propres-emissions-de-radio-sur-radio-blv\/#breadcrumb"},"inLanguage":"fr-FR","potentialAction":[{"@type":"ReadAction","target":["https:\/\/vatelier.fr\/index.php\/2022\/01\/22\/le-valence-atelier-libre-realise-et-diffuse-ses-propres-emissions-de-radio-sur-radio-blv\/"]}]},{"@type":"ImageObject","inLanguage":"fr-FR","@id":"https:\/\/vatelier.fr\/index.php\/2022\/01\/22\/le-valence-atelier-libre-realise-et-diffuse-ses-propres-emissions-de-radio-sur-radio-blv\/#primaryimage","url":"https:\/\/vatelier.fr\/wp-content\/uploads\/2022\/01\/logo-BDA.png","contentUrl":"https:\/\/vatelier.fr\/wp-content\/uploads\/2022\/01\/logo-BDA.png","width":906,"height":843},{"@type":"BreadcrumbList","@id":"https:\/\/vatelier.fr\/index.php\/2022\/01\/22\/le-valence-atelier-libre-realise-et-diffuse-ses-propres-emissions-de-radio-sur-radio-blv\/#breadcrumb","itemListElement":[{"@type":"ListItem","position":1,"name":"Accueil","item":"https:\/\/vatelier.fr\/"},{"@type":"ListItem","position":2,"name":"Le Valence Atelier libre r\u00e9alise et diffuse ses propres \u00e9missions de radio sur Radio BLV !"}]},{"@type":"WebSite","@id":"https:\/\/vatelier.fr\/#website","url":"https:\/\/vatelier.fr\/","name":"Valence Atelier Libre","description":"Association de partage de savoir-faire","publisher":{"@id":"https:\/\/vatelier.fr\/#organization"},"potentialAction":[{"@type":"SearchAction","target":{"@type":"EntryPoint","urlTemplate":"https:\/\/vatelier.fr\/?s={search_term_string}"},"query-input":{"@type":"PropertyValueSpecification","valueRequired":true,"valueName":"search_term_string"}}],"inLanguage":"fr-FR"},{"@type":"Organization","@id":"https:\/\/vatelier.fr\/#organization","name":"Valence Atelier Libre","url":"https:\/\/vatelier.fr\/","logo":{"@type":"ImageObject","inLanguage":"fr-FR","@id":"https:\/\/vatelier.fr\/#\/schema\/logo\/image\/","url":"http:\/\/vatelier.fr\/wp-content\/uploads\/2016\/02\/logo-jeanne.png","contentUrl":"http:\/\/vatelier.fr\/wp-content\/uploads\/2016\/02\/logo-jeanne.png","width":906,"height":843,"caption":"Valence Atelier Libre"},"image":{"@id":"https:\/\/vatelier.fr\/#\/schema\/logo\/image\/"}},{"@type":"Person","@id":"https:\/\/vatelier.fr\/#\/schema\/person\/2af92da0d368454dd50e41745ef10ec5","name":"vatelieradmin","image":{"@type":"ImageObject","inLanguage":"fr-FR","@id":"https:\/\/secure.gravatar.com\/avatar\/5397e01a6ff535a0fb455d8a868a555e463328ddc2276d22e6c9574f56706782?s=96&d=mm&r=g","url":"https:\/\/secure.gravatar.com\/avatar\/5397e01a6ff535a0fb455d8a868a555e463328ddc2276d22e6c9574f56706782?s=96&d=mm&r=g","contentUrl":"https:\/\/secure.gravatar.com\/avatar\/5397e01a6ff535a0fb455d8a868a555e463328ddc2276d22e6c9574f56706782?s=96&d=mm&r=g","caption":"vatelieradmin"},"url":"https:\/\/vatelier.fr\/index.php\/author\/vatelieradmin\/"}]}},"_links":{"self":[{"href":"https:\/\/vatelier.fr\/index.php\/wp-json\/wp\/v2\/posts\/2023","targetHints":{"allow":["GET"]}}],"collection":[{"href":"https:\/\/vatelier.fr\/index.php\/wp-json\/wp\/v2\/posts"}],"about":[{"href":"https:\/\/vatelier.fr\/index.php\/wp-json\/wp\/v2\/types\/post"}],"author":[{"embeddable":true,"href":"https:\/\/vatelier.fr\/index.php\/wp-json\/wp\/v2\/users\/1"}],"replies":[{"embeddable":true,"href":"https:\/\/vatelier.fr\/index.php\/wp-json\/wp\/v2\/comments?post=2023"}],"version-history":[{"count":1,"href":"https:\/\/vatelier.fr\/index.php\/wp-json\/wp\/v2\/posts\/2023\/revisions"}],"predecessor-version":[{"id":2025,"href":"https:\/\/vatelier.fr\/index.php\/wp-json\/wp\/v2\/posts\/2023\/revisions\/2025"}],"wp:attachment":[{"href":"https:\/\/vatelier.fr\/index.php\/wp-json\/wp\/v2\/media?parent=2023"}],"wp:term":[{"taxonomy":"category","embeddable":true,"href":"https:\/\/vatelier.fr\/index.php\/wp-json\/wp\/v2\/categories?post=2023"},{"taxonomy":"post_tag","embeddable":true,"href":"https:\/\/vatelier.fr\/index.php\/wp-json\/wp\/v2\/tags?post=2023"}],"curies":[{"name":"wp","href":"https:\/\/api.w.org\/{rel}","templated":true}]}}