{"id":755,"date":"2017-06-28T15:00:25","date_gmt":"2017-06-28T14:00:25","guid":{"rendered":"http:\/\/vatelier.fr\/?p=755"},"modified":"2018-01-29T13:28:01","modified_gmt":"2018-01-29T12:28:01","slug":"ouverture-de-materiautheque","status":"publish","type":"post","link":"https:\/\/vatelier.fr\/index.php\/2017\/06\/28\/ouverture-de-materiautheque\/","title":{"rendered":"Ouverture de la Mat\u00e9riauth\u00e8que!"},"content":{"rendered":"<h3><strong>OUVERTURE DE LA MATERIAUTHEQUE !<\/strong><\/h3>\n<p><strong>Apr\u00e8s 13 mois de gestation, 15 r\u00e9unions, 298 discussions, 56 rencontres, 35 jours de chantier d\u2019isolation, 56 tablettes de chocolat, 350 bidouilles et autres plans sur la com\u00e8te, nous avons le plaisir de vous annoncer\u2026 <em>(roulement de tambour)<\/em> l\u2019ouverture de la Mat\u00e9riauth\u00e8que !<\/strong><\/p>\n<p>On a des courbatures partout, on a eu tr\u00e8s chaud, mais \u00e7a y est, les mat\u00e9riaux sont enfin arriv\u00e9s \u00e0 bon port !<\/p>\n<p>un petit aper\u00e7u :<\/p>\n<p><img loading=\"lazy\" decoding=\"async\" class=\"aligncenter wp-image-728 \" src=\"http:\/\/vatelier.fr\/wp-content\/uploads\/2016\/12\/Foto0603-1024x768.jpg\" alt=\"\" width=\"384\" height=\"288\" srcset=\"https:\/\/vatelier.fr\/wp-content\/uploads\/2016\/12\/Foto0603-1024x768.jpg 1024w, https:\/\/vatelier.fr\/wp-content\/uploads\/2016\/12\/Foto0603-300x225.jpg 300w, https:\/\/vatelier.fr\/wp-content\/uploads\/2016\/12\/Foto0603-768x576.jpg 768w, https:\/\/vatelier.fr\/wp-content\/uploads\/2016\/12\/Foto0603-750x563.jpg 750w, https:\/\/vatelier.fr\/wp-content\/uploads\/2016\/12\/Foto0603-400x300.jpg 400w, https:\/\/vatelier.fr\/wp-content\/uploads\/2016\/12\/Foto0603-430x323.jpg 430w, https:\/\/vatelier.fr\/wp-content\/uploads\/2016\/12\/Foto0603-150x113.jpg 150w, https:\/\/vatelier.fr\/wp-content\/uploads\/2016\/12\/Foto0603-100x75.jpg 100w, https:\/\/vatelier.fr\/wp-content\/uploads\/2016\/12\/Foto0603.jpg 1600w\" sizes=\"auto, (max-width: 384px) 100vw, 384px\" \/><\/p>\n<p>maintenant on construit des meubles de rangement, on d\u00e9core, on peint sur des panneaux&#8230; et on se d\u00e9tend enfin !<\/p>\n<figure id=\"attachment_756\" aria-describedby=\"caption-attachment-756\" style=\"width: 337px\" class=\"wp-caption aligncenter\"><img loading=\"lazy\" decoding=\"async\" class=\"wp-image-756 \" src=\"http:\/\/vatelier.fr\/wp-content\/uploads\/2017\/07\/Foto0611-e1499955151383-768x1024.jpg\" alt=\"materiautheque ouverture chantier montmeyran\" width=\"337\" height=\"449\" srcset=\"https:\/\/vatelier.fr\/wp-content\/uploads\/2017\/07\/Foto0611-e1499955151383-768x1024.jpg 768w, https:\/\/vatelier.fr\/wp-content\/uploads\/2017\/07\/Foto0611-e1499955151383-225x300.jpg 225w, https:\/\/vatelier.fr\/wp-content\/uploads\/2017\/07\/Foto0611-e1499955151383-750x1000.jpg 750w, https:\/\/vatelier.fr\/wp-content\/uploads\/2017\/07\/Foto0611-e1499955151383-400x533.jpg 400w, https:\/\/vatelier.fr\/wp-content\/uploads\/2017\/07\/Foto0611-e1499955151383-430x573.jpg 430w, https:\/\/vatelier.fr\/wp-content\/uploads\/2017\/07\/Foto0611-e1499955151383-150x200.jpg 150w, https:\/\/vatelier.fr\/wp-content\/uploads\/2017\/07\/Foto0611-e1499955151383-100x133.jpg 100w, https:\/\/vatelier.fr\/wp-content\/uploads\/2017\/07\/Foto0611-e1499955151383.jpg 1200w\" sizes=\"auto, (max-width: 337px) 100vw, 337px\" \/><figcaption id=\"caption-attachment-756\" class=\"wp-caption-text\">mat\u00e9riauth\u00e8que r\u00e9cup valence montmeyran mat\u00e9riaux recyclage<\/figcaption><\/figure>\n<p>&nbsp;<\/p>\n","protected":false},"excerpt":{"rendered":"<p>OUVERTURE DE LA MATERIAUTHEQUE ! Apr\u00e8s 13 mois de gestation, 15 r\u00e9unions, 298 discussions, 56 rencontres, 35 jours de chantier d\u2019isolation, 56 tablettes de chocolat, 350 bidouilles et autres plans [&hellip;]<\/p>\n","protected":false},"author":1,"featured_media":756,"comment_status":"closed","ping_status":"closed","sticky":false,"template":"","format":"standard","meta":{"footnotes":""},"categories":[14],"tags":[12,7,11,9,13,10,8],"class_list":["post-755","post","type-post","status-publish","format-standard","has-post-thumbnail","hentry","category-actus-et-arrivages","tag-association","tag-materiautheque","tag-materiaux","tag-montmeyran","tag-prix-libre","tag-recup","tag-recuperation"],"yoast_head":"<!-- This site is optimized with the Yoast SEO plugin v27.5 - https:\/\/yoast.com\/product\/yoast-seo-wordpress\/ -->\n<title>Ouverture de la Mat\u00e9riauth\u00e8que! - Valence Atelier Libre<\/title>\n<meta name=\"robots\" content=\"index, follow, max-snippet:-1, max-image-preview:large, max-video-preview:-1\" \/>\n<link rel=\"canonical\" href=\"http:\/\/vatelier.fr\/index.php\/2017\/06\/28\/ouverture-de-materiautheque\/\" \/>\n<meta property=\"og:locale\" content=\"fr_FR\" \/>\n<meta property=\"og:type\" content=\"article\" \/>\n<meta property=\"og:title\" content=\"Ouverture de la Mat\u00e9riauth\u00e8que! - Valence Atelier Libre\" \/>\n<meta property=\"og:description\" content=\"OUVERTURE DE LA MATERIAUTHEQUE ! Apr\u00e8s 13 mois de gestation, 15 r\u00e9unions, 298 discussions, 56 rencontres, 35 jours de chantier d\u2019isolation, 56 tablettes de chocolat, 350 bidouilles et autres plans [&hellip;]\" \/>\n<meta property=\"og:url\" content=\"http:\/\/vatelier.fr\/index.php\/2017\/06\/28\/ouverture-de-materiautheque\/\" \/>\n<meta property=\"og:site_name\" content=\"Valence Atelier Libre\" \/>\n<meta property=\"article:published_time\" content=\"2017-06-28T14:00:25+00:00\" \/>\n<meta property=\"article:modified_time\" content=\"2018-01-29T12:28:01+00:00\" \/>\n<meta property=\"og:image\" content=\"http:\/\/vatelier.fr\/wp-content\/uploads\/2017\/07\/Foto0611-e1499955151383.jpg\" \/>\n\t<meta property=\"og:image:width\" content=\"1200\" \/>\n\t<meta property=\"og:image:height\" content=\"1600\" \/>\n\t<meta property=\"og:image:type\" content=\"image\/jpeg\" \/>\n<meta name=\"author\" content=\"vatelieradmin\" \/>\n<meta name=\"twitter:card\" content=\"summary_large_image\" \/>\n<meta name=\"twitter:label1\" content=\"\u00c9crit par\" \/>\n\t<meta name=\"twitter:data1\" content=\"vatelieradmin\" \/>\n\t<meta name=\"twitter:label2\" content=\"Dur\u00e9e de lecture estim\u00e9e\" \/>\n\t<meta name=\"twitter:data2\" content=\"1 minute\" \/>\n<script type=\"application\/ld+json\" class=\"yoast-schema-graph\">{\"@context\":\"https:\\\/\\\/schema.org\",\"@graph\":[{\"@type\":\"Article\",\"@id\":\"http:\\\/\\\/vatelier.fr\\\/index.php\\\/2017\\\/06\\\/28\\\/ouverture-de-materiautheque\\\/#article\",\"isPartOf\":{\"@id\":\"http:\\\/\\\/vatelier.fr\\\/index.php\\\/2017\\\/06\\\/28\\\/ouverture-de-materiautheque\\\/\"},\"author\":{\"name\":\"vatelieradmin\",\"@id\":\"https:\\\/\\\/vatelier.fr\\\/#\\\/schema\\\/person\\\/2af92da0d368454dd50e41745ef10ec5\"},\"headline\":\"Ouverture de la Mat\u00e9riauth\u00e8que!\",\"datePublished\":\"2017-06-28T14:00:25+00:00\",\"dateModified\":\"2018-01-29T12:28:01+00:00\",\"mainEntityOfPage\":{\"@id\":\"http:\\\/\\\/vatelier.fr\\\/index.php\\\/2017\\\/06\\\/28\\\/ouverture-de-materiautheque\\\/\"},\"wordCount\":119,\"publisher\":{\"@id\":\"https:\\\/\\\/vatelier.fr\\\/#organization\"},\"image\":{\"@id\":\"http:\\\/\\\/vatelier.fr\\\/index.php\\\/2017\\\/06\\\/28\\\/ouverture-de-materiautheque\\\/#primaryimage\"},\"thumbnailUrl\":\"https:\\\/\\\/vatelier.fr\\\/wp-content\\\/uploads\\\/2017\\\/07\\\/Foto0611-e1499955151383.jpg\",\"keywords\":[\"association\",\"mat\u00e9riauth\u00e8que\",\"mat\u00e9riaux\",\"montmeyran\",\"prix libre\",\"r\u00e9cup\",\"r\u00e9cup\u00e9ration\"],\"articleSection\":[\"Actus et Arrivages\"],\"inLanguage\":\"fr-FR\"},{\"@type\":\"WebPage\",\"@id\":\"http:\\\/\\\/vatelier.fr\\\/index.php\\\/2017\\\/06\\\/28\\\/ouverture-de-materiautheque\\\/\",\"url\":\"http:\\\/\\\/vatelier.fr\\\/index.php\\\/2017\\\/06\\\/28\\\/ouverture-de-materiautheque\\\/\",\"name\":\"Ouverture de la Mat\u00e9riauth\u00e8que! - Valence Atelier Libre\",\"isPartOf\":{\"@id\":\"https:\\\/\\\/vatelier.fr\\\/#website\"},\"primaryImageOfPage\":{\"@id\":\"http:\\\/\\\/vatelier.fr\\\/index.php\\\/2017\\\/06\\\/28\\\/ouverture-de-materiautheque\\\/#primaryimage\"},\"image\":{\"@id\":\"http:\\\/\\\/vatelier.fr\\\/index.php\\\/2017\\\/06\\\/28\\\/ouverture-de-materiautheque\\\/#primaryimage\"},\"thumbnailUrl\":\"https:\\\/\\\/vatelier.fr\\\/wp-content\\\/uploads\\\/2017\\\/07\\\/Foto0611-e1499955151383.jpg\",\"datePublished\":\"2017-06-28T14:00:25+00:00\",\"dateModified\":\"2018-01-29T12:28:01+00:00\",\"breadcrumb\":{\"@id\":\"http:\\\/\\\/vatelier.fr\\\/index.php\\\/2017\\\/06\\\/28\\\/ouverture-de-materiautheque\\\/#breadcrumb\"},\"inLanguage\":\"fr-FR\",\"potentialAction\":[{\"@type\":\"ReadAction\",\"target\":[\"http:\\\/\\\/vatelier.fr\\\/index.php\\\/2017\\\/06\\\/28\\\/ouverture-de-materiautheque\\\/\"]}]},{\"@type\":\"ImageObject\",\"inLanguage\":\"fr-FR\",\"@id\":\"http:\\\/\\\/vatelier.fr\\\/index.php\\\/2017\\\/06\\\/28\\\/ouverture-de-materiautheque\\\/#primaryimage\",\"url\":\"https:\\\/\\\/vatelier.fr\\\/wp-content\\\/uploads\\\/2017\\\/07\\\/Foto0611-e1499955151383.jpg\",\"contentUrl\":\"https:\\\/\\\/vatelier.fr\\\/wp-content\\\/uploads\\\/2017\\\/07\\\/Foto0611-e1499955151383.jpg\",\"width\":1200,\"height\":1600},{\"@type\":\"BreadcrumbList\",\"@id\":\"http:\\\/\\\/vatelier.fr\\\/index.php\\\/2017\\\/06\\\/28\\\/ouverture-de-materiautheque\\\/#breadcrumb\",\"itemListElement\":[{\"@type\":\"ListItem\",\"position\":1,\"name\":\"Accueil\",\"item\":\"https:\\\/\\\/vatelier.fr\\\/\"},{\"@type\":\"ListItem\",\"position\":2,\"name\":\"Ouverture de la Mat\u00e9riauth\u00e8que!\"}]},{\"@type\":\"WebSite\",\"@id\":\"https:\\\/\\\/vatelier.fr\\\/#website\",\"url\":\"https:\\\/\\\/vatelier.fr\\\/\",\"name\":\"Valence Atelier Libre\",\"description\":\"Association de partage de savoir-faire\",\"publisher\":{\"@id\":\"https:\\\/\\\/vatelier.fr\\\/#organization\"},\"potentialAction\":[{\"@type\":\"SearchAction\",\"target\":{\"@type\":\"EntryPoint\",\"urlTemplate\":\"https:\\\/\\\/vatelier.fr\\\/?s={search_term_string}\"},\"query-input\":{\"@type\":\"PropertyValueSpecification\",\"valueRequired\":true,\"valueName\":\"search_term_string\"}}],\"inLanguage\":\"fr-FR\"},{\"@type\":\"Organization\",\"@id\":\"https:\\\/\\\/vatelier.fr\\\/#organization\",\"name\":\"Valence Atelier Libre\",\"url\":\"https:\\\/\\\/vatelier.fr\\\/\",\"logo\":{\"@type\":\"ImageObject\",\"inLanguage\":\"fr-FR\",\"@id\":\"https:\\\/\\\/vatelier.fr\\\/#\\\/schema\\\/logo\\\/image\\\/\",\"url\":\"http:\\\/\\\/vatelier.fr\\\/wp-content\\\/uploads\\\/2016\\\/02\\\/logo-jeanne.png\",\"contentUrl\":\"http:\\\/\\\/vatelier.fr\\\/wp-content\\\/uploads\\\/2016\\\/02\\\/logo-jeanne.png\",\"width\":906,\"height\":843,\"caption\":\"Valence Atelier Libre\"},\"image\":{\"@id\":\"https:\\\/\\\/vatelier.fr\\\/#\\\/schema\\\/logo\\\/image\\\/\"}},{\"@type\":\"Person\",\"@id\":\"https:\\\/\\\/vatelier.fr\\\/#\\\/schema\\\/person\\\/2af92da0d368454dd50e41745ef10ec5\",\"name\":\"vatelieradmin\",\"image\":{\"@type\":\"ImageObject\",\"inLanguage\":\"fr-FR\",\"@id\":\"https:\\\/\\\/secure.gravatar.com\\\/avatar\\\/5397e01a6ff535a0fb455d8a868a555e463328ddc2276d22e6c9574f56706782?s=96&d=mm&r=g\",\"url\":\"https:\\\/\\\/secure.gravatar.com\\\/avatar\\\/5397e01a6ff535a0fb455d8a868a555e463328ddc2276d22e6c9574f56706782?s=96&d=mm&r=g\",\"contentUrl\":\"https:\\\/\\\/secure.gravatar.com\\\/avatar\\\/5397e01a6ff535a0fb455d8a868a555e463328ddc2276d22e6c9574f56706782?s=96&d=mm&r=g\",\"caption\":\"vatelieradmin\"},\"url\":\"https:\\\/\\\/vatelier.fr\\\/index.php\\\/author\\\/vatelieradmin\\\/\"}]}<\/script>\n<!-- \/ Yoast SEO plugin. -->","yoast_head_json":{"title":"Ouverture de la Mat\u00e9riauth\u00e8que! - Valence Atelier Libre","robots":{"index":"index","follow":"follow","max-snippet":"max-snippet:-1","max-image-preview":"max-image-preview:large","max-video-preview":"max-video-preview:-1"},"canonical":"http:\/\/vatelier.fr\/index.php\/2017\/06\/28\/ouverture-de-materiautheque\/","og_locale":"fr_FR","og_type":"article","og_title":"Ouverture de la Mat\u00e9riauth\u00e8que! - Valence Atelier Libre","og_description":"OUVERTURE DE LA MATERIAUTHEQUE ! Apr\u00e8s 13 mois de gestation, 15 r\u00e9unions, 298 discussions, 56 rencontres, 35 jours de chantier d\u2019isolation, 56 tablettes de chocolat, 350 bidouilles et autres plans [&hellip;]","og_url":"http:\/\/vatelier.fr\/index.php\/2017\/06\/28\/ouverture-de-materiautheque\/","og_site_name":"Valence Atelier Libre","article_published_time":"2017-06-28T14:00:25+00:00","article_modified_time":"2018-01-29T12:28:01+00:00","og_image":[{"width":1200,"height":1600,"url":"http:\/\/vatelier.fr\/wp-content\/uploads\/2017\/07\/Foto0611-e1499955151383.jpg","type":"image\/jpeg"}],"author":"vatelieradmin","twitter_card":"summary_large_image","twitter_misc":{"\u00c9crit par":"vatelieradmin","Dur\u00e9e de lecture estim\u00e9e":"1 minute"},"schema":{"@context":"https:\/\/schema.org","@graph":[{"@type":"Article","@id":"http:\/\/vatelier.fr\/index.php\/2017\/06\/28\/ouverture-de-materiautheque\/#article","isPartOf":{"@id":"http:\/\/vatelier.fr\/index.php\/2017\/06\/28\/ouverture-de-materiautheque\/"},"author":{"name":"vatelieradmin","@id":"https:\/\/vatelier.fr\/#\/schema\/person\/2af92da0d368454dd50e41745ef10ec5"},"headline":"Ouverture de la Mat\u00e9riauth\u00e8que!","datePublished":"2017-06-28T14:00:25+00:00","dateModified":"2018-01-29T12:28:01+00:00","mainEntityOfPage":{"@id":"http:\/\/vatelier.fr\/index.php\/2017\/06\/28\/ouverture-de-materiautheque\/"},"wordCount":119,"publisher":{"@id":"https:\/\/vatelier.fr\/#organization"},"image":{"@id":"http:\/\/vatelier.fr\/index.php\/2017\/06\/28\/ouverture-de-materiautheque\/#primaryimage"},"thumbnailUrl":"https:\/\/vatelier.fr\/wp-content\/uploads\/2017\/07\/Foto0611-e1499955151383.jpg","keywords":["association","mat\u00e9riauth\u00e8que","mat\u00e9riaux","montmeyran","prix libre","r\u00e9cup","r\u00e9cup\u00e9ration"],"articleSection":["Actus et Arrivages"],"inLanguage":"fr-FR"},{"@type":"WebPage","@id":"http:\/\/vatelier.fr\/index.php\/2017\/06\/28\/ouverture-de-materiautheque\/","url":"http:\/\/vatelier.fr\/index.php\/2017\/06\/28\/ouverture-de-materiautheque\/","name":"Ouverture de la Mat\u00e9riauth\u00e8que! - Valence Atelier Libre","isPartOf":{"@id":"https:\/\/vatelier.fr\/#website"},"primaryImageOfPage":{"@id":"http:\/\/vatelier.fr\/index.php\/2017\/06\/28\/ouverture-de-materiautheque\/#primaryimage"},"image":{"@id":"http:\/\/vatelier.fr\/index.php\/2017\/06\/28\/ouverture-de-materiautheque\/#primaryimage"},"thumbnailUrl":"https:\/\/vatelier.fr\/wp-content\/uploads\/2017\/07\/Foto0611-e1499955151383.jpg","datePublished":"2017-06-28T14:00:25+00:00","dateModified":"2018-01-29T12:28:01+00:00","breadcrumb":{"@id":"http:\/\/vatelier.fr\/index.php\/2017\/06\/28\/ouverture-de-materiautheque\/#breadcrumb"},"inLanguage":"fr-FR","potentialAction":[{"@type":"ReadAction","target":["http:\/\/vatelier.fr\/index.php\/2017\/06\/28\/ouverture-de-materiautheque\/"]}]},{"@type":"ImageObject","inLanguage":"fr-FR","@id":"http:\/\/vatelier.fr\/index.php\/2017\/06\/28\/ouverture-de-materiautheque\/#primaryimage","url":"https:\/\/vatelier.fr\/wp-content\/uploads\/2017\/07\/Foto0611-e1499955151383.jpg","contentUrl":"https:\/\/vatelier.fr\/wp-content\/uploads\/2017\/07\/Foto0611-e1499955151383.jpg","width":1200,"height":1600},{"@type":"BreadcrumbList","@id":"http:\/\/vatelier.fr\/index.php\/2017\/06\/28\/ouverture-de-materiautheque\/#breadcrumb","itemListElement":[{"@type":"ListItem","position":1,"name":"Accueil","item":"https:\/\/vatelier.fr\/"},{"@type":"ListItem","position":2,"name":"Ouverture de la Mat\u00e9riauth\u00e8que!"}]},{"@type":"WebSite","@id":"https:\/\/vatelier.fr\/#website","url":"https:\/\/vatelier.fr\/","name":"Valence Atelier Libre","description":"Association de partage de savoir-faire","publisher":{"@id":"https:\/\/vatelier.fr\/#organization"},"potentialAction":[{"@type":"SearchAction","target":{"@type":"EntryPoint","urlTemplate":"https:\/\/vatelier.fr\/?s={search_term_string}"},"query-input":{"@type":"PropertyValueSpecification","valueRequired":true,"valueName":"search_term_string"}}],"inLanguage":"fr-FR"},{"@type":"Organization","@id":"https:\/\/vatelier.fr\/#organization","name":"Valence Atelier Libre","url":"https:\/\/vatelier.fr\/","logo":{"@type":"ImageObject","inLanguage":"fr-FR","@id":"https:\/\/vatelier.fr\/#\/schema\/logo\/image\/","url":"http:\/\/vatelier.fr\/wp-content\/uploads\/2016\/02\/logo-jeanne.png","contentUrl":"http:\/\/vatelier.fr\/wp-content\/uploads\/2016\/02\/logo-jeanne.png","width":906,"height":843,"caption":"Valence Atelier Libre"},"image":{"@id":"https:\/\/vatelier.fr\/#\/schema\/logo\/image\/"}},{"@type":"Person","@id":"https:\/\/vatelier.fr\/#\/schema\/person\/2af92da0d368454dd50e41745ef10ec5","name":"vatelieradmin","image":{"@type":"ImageObject","inLanguage":"fr-FR","@id":"https:\/\/secure.gravatar.com\/avatar\/5397e01a6ff535a0fb455d8a868a555e463328ddc2276d22e6c9574f56706782?s=96&d=mm&r=g","url":"https:\/\/secure.gravatar.com\/avatar\/5397e01a6ff535a0fb455d8a868a555e463328ddc2276d22e6c9574f56706782?s=96&d=mm&r=g","contentUrl":"https:\/\/secure.gravatar.com\/avatar\/5397e01a6ff535a0fb455d8a868a555e463328ddc2276d22e6c9574f56706782?s=96&d=mm&r=g","caption":"vatelieradmin"},"url":"https:\/\/vatelier.fr\/index.php\/author\/vatelieradmin\/"}]}},"_links":{"self":[{"href":"https:\/\/vatelier.fr\/index.php\/wp-json\/wp\/v2\/posts\/755","targetHints":{"allow":["GET"]}}],"collection":[{"href":"https:\/\/vatelier.fr\/index.php\/wp-json\/wp\/v2\/posts"}],"about":[{"href":"https:\/\/vatelier.fr\/index.php\/wp-json\/wp\/v2\/types\/post"}],"author":[{"embeddable":true,"href":"https:\/\/vatelier.fr\/index.php\/wp-json\/wp\/v2\/users\/1"}],"replies":[{"embeddable":true,"href":"https:\/\/vatelier.fr\/index.php\/wp-json\/wp\/v2\/comments?post=755"}],"version-history":[{"count":3,"href":"https:\/\/vatelier.fr\/index.php\/wp-json\/wp\/v2\/posts\/755\/revisions"}],"predecessor-version":[{"id":760,"href":"https:\/\/vatelier.fr\/index.php\/wp-json\/wp\/v2\/posts\/755\/revisions\/760"}],"wp:featuredmedia":[{"embeddable":true,"href":"https:\/\/vatelier.fr\/index.php\/wp-json\/wp\/v2\/media\/756"}],"wp:attachment":[{"href":"https:\/\/vatelier.fr\/index.php\/wp-json\/wp\/v2\/media?parent=755"}],"wp:term":[{"taxonomy":"category","embeddable":true,"href":"https:\/\/vatelier.fr\/index.php\/wp-json\/wp\/v2\/categories?post=755"},{"taxonomy":"post_tag","embeddable":true,"href":"https:\/\/vatelier.fr\/index.php\/wp-json\/wp\/v2\/tags?post=755"}],"curies":[{"name":"wp","href":"https:\/\/api.w.org\/{rel}","templated":true}]}}